{"id":13220,"date":"2012-06-01T13:31:54","date_gmt":"2012-06-01T16:31:54","guid":{"rendered":"http:\/\/sefaz.acre.gov.br:80\/2021\/?p=13220"},"modified":"2023-04-25T13:42:24","modified_gmt":"2023-04-25T16:42:24","slug":"portaria-no-352-de-1o-de-junho-de-2012","status":"publish","type":"post","link":"https:\/\/sefaz.ac.gov.br\/2021\/?p=13220","title":{"rendered":"PORTARIA N\u00ba 352, DE 1\u00ba DE JUNHO DE 2012"},"content":{"rendered":"\n<p class=\"wp-block-paragraph\"><strong>O SECRET\u00c1RIO DE ESTADO DA FAZENDA<\/strong>, no uso da atribui\u00e7\u00e3o que lhe confere o art. 25, III do Regimento Interno da Secretaria de Estado da Fazenda, aprovado pelo Decreto n.\u00ba 183, de 6 de outubro de 1975,<\/p>\n\n\n\n<p class=\"wp-block-paragraph\"><strong>CONSIDERANDO <\/strong>que no m\u00eas de maio do corrente ano problemas t\u00e9cnicos comprometeram a troca de arquivos da EFD entre Receita Federal do Brasil e SEFAZ,&nbsp;<\/p>\n\n\n\n<p class=\"wp-block-paragraph\"><strong>R E S O L V E:<\/strong><\/p>\n\n\n\n<p class=\"wp-block-paragraph\">Art. 1\u00ba &nbsp;Para fins do disposto no art. 96-A do Regulamento do ICMS, institu\u00eddo pelo Decreto 008\/98, o cumprimento da obriga\u00e7\u00e3o de apresenta\u00e7\u00e3o da Escritura\u00e7\u00e3o Fiscal Digital &#8211; EFD n\u00e3o ser\u00e1 verificada no m\u00eas de junho de 2012.<\/p>\n\n\n\n<p class=\"wp-block-paragraph\">Art. 2\u00ba &nbsp;Esta Portaria entrar\u00e1 em vigor na data de sua publica\u00e7\u00e3o, com efeitos a contar de 1\u00ba de junho de 2012.<\/p>\n\n\n\n<p class=\"wp-block-paragraph\">3\u00ba&nbsp; Registre-se, publique-se e cumpra-se.<\/p>\n\n\n\n<p class=\"wp-block-paragraph\">Rio Branco-Acre, 1\u00ba de junho de 2012.<\/p>\n","protected":false},"excerpt":{"rendered":"<p>Para fins do disposto no art. 96-A do Regulamento do ICMS, institu\u00eddo pelo Decreto 008\/98, o cumprimento da obriga\u00e7\u00e3o de apresenta\u00e7\u00e3o da Escritura\u00e7\u00e3o Fiscal Digital &#8211; EFD n\u00e3o ser\u00e1 verificada no m\u00eas de junho de 2012.<\/p>\n","protected":false},"author":5,"featured_media":0,"comment_status":"closed","ping_status":"closed","sticky":false,"template":"","format":"standard","meta":{"_acf_changed":false,"footnotes":""},"categories":[3,33],"tags":[72,35],"class_list":["post-13220","post","type-post","status-publish","format-standard","hentry","category-legislacao","category-portarias","tag-efd","tag-icms"],"acf":[],"_links":{"self":[{"href":"https:\/\/sefaz.ac.gov.br\/2021\/index.php?rest_route=\/wp\/v2\/posts\/13220","targetHints":{"allow":["GET"]}}],"collection":[{"href":"https:\/\/sefaz.ac.gov.br\/2021\/index.php?rest_route=\/wp\/v2\/posts"}],"about":[{"href":"https:\/\/sefaz.ac.gov.br\/2021\/index.php?rest_route=\/wp\/v2\/types\/post"}],"author":[{"embeddable":true,"href":"https:\/\/sefaz.ac.gov.br\/2021\/index.php?rest_route=\/wp\/v2\/users\/5"}],"replies":[{"embeddable":true,"href":"https:\/\/sefaz.ac.gov.br\/2021\/index.php?rest_route=%2Fwp%2Fv2%2Fcomments&post=13220"}],"version-history":[{"count":0,"href":"https:\/\/sefaz.ac.gov.br\/2021\/index.php?rest_route=\/wp\/v2\/posts\/13220\/revisions"}],"wp:attachment":[{"href":"https:\/\/sefaz.ac.gov.br\/2021\/index.php?rest_route=%2Fwp%2Fv2%2Fmedia&parent=13220"}],"wp:term":[{"taxonomy":"category","embeddable":true,"href":"https:\/\/sefaz.ac.gov.br\/2021\/index.php?rest_route=%2Fwp%2Fv2%2Fcategories&post=13220"},{"taxonomy":"post_tag","embeddable":true,"href":"https:\/\/sefaz.ac.gov.br\/2021\/index.php?rest_route=%2Fwp%2Fv2%2Ftags&post=13220"}],"curies":[{"name":"wp","href":"https:\/\/api.w.org\/{rel}","templated":true}]}}