{"id":13197,"date":"2011-10-09T13:23:01","date_gmt":"2011-10-09T16:23:01","guid":{"rendered":"http:\/\/sefaz.acre.gov.br:80\/2021\/?p=13197"},"modified":"2023-04-25T13:29:53","modified_gmt":"2023-04-25T16:29:53","slug":"portaria-no-527-de-03-de-outubro-de-2011","status":"publish","type":"post","link":"https:\/\/sefaz.ac.gov.br\/2021\/?p=13197","title":{"rendered":"PORTARIA N\u00ba 527, DE 03 DE OUTUBRO DE 2011"},"content":{"rendered":"\n<p class=\"wp-block-paragraph\"><strong>O SECRET\u00c1RIO DE ESTADO DA FAZENDA, <\/strong>no uso de suas atribui\u00e7\u00f5es legais, e tendo em vista o disposto no art. 519 do Regulamento do ICMS, aprovado pelo Decreto n\u00ba 008, de 26 de janeiro de 1998;<\/p>\n\n\n\n<p class=\"wp-block-paragraph\"><strong>CONSIDERANDO<\/strong> o prolongado per\u00edodo de estiagem no Estado do Acre e os efeitos da seca nas pastagens das propriedades rurais,<\/p>\n\n\n\n<p class=\"wp-block-paragraph\"><strong>RESOLVE:<\/strong><\/p>\n\n\n\n<p class=\"wp-block-paragraph\">Art. 1\u00ba&nbsp;Alterar os pre\u00e7os dos produtos boi e vaca gorda, constantes do item 2.2, II \u2013 Sa\u00eddas, &nbsp;Anexo \u00danico da Pauta de Pre\u00e7os, estabelecida pela Portaria n\u00ba 407, de 08 de setembro de 2008, que fixa os valores m\u00ednimos da base de c\u00e1lculo do ICMS incidente sobre as opera\u00e7\u00f5es e presta\u00e7\u00f5es com mercadorias nela relacionada, conforme Anexo \u00danico desta Portaria.<\/p>\n\n\n\n<p class=\"wp-block-paragraph\">Art. 3\u00ba &nbsp;Esta Portaria entra em vigor na data da sua publica\u00e7\u00e3o, produzindo efeitos pelo prazo de sessenta dias.<\/p>\n\n\n\n<p class=\"wp-block-paragraph\">Rio Branco &#8211; Acre, 03 de outubro de 2011.<\/p>\n","protected":false},"excerpt":{"rendered":"<p>Altera os pre\u00e7os dos produtos boi e vaca gorda, constantes do item 2.2, II \u2013 Sa\u00eddas, \u00a0Anexo \u00danico da Pauta de Pre\u00e7os, estabelecida pela Portaria n\u00ba 407, de 08 de setembro de 2008, que fixa os valores m\u00ednimos da base de c\u00e1lculo do ICMS.<\/p>\n","protected":false},"author":5,"featured_media":0,"comment_status":"closed","ping_status":"closed","sticky":false,"template":"","format":"standard","meta":{"_acf_changed":false,"footnotes":""},"categories":[3,33],"tags":[35],"class_list":["post-13197","post","type-post","status-publish","format-standard","hentry","category-legislacao","category-portarias","tag-icms"],"acf":[],"_links":{"self":[{"href":"https:\/\/sefaz.ac.gov.br\/2021\/index.php?rest_route=\/wp\/v2\/posts\/13197","targetHints":{"allow":["GET"]}}],"collection":[{"href":"https:\/\/sefaz.ac.gov.br\/2021\/index.php?rest_route=\/wp\/v2\/posts"}],"about":[{"href":"https:\/\/sefaz.ac.gov.br\/2021\/index.php?rest_route=\/wp\/v2\/types\/post"}],"author":[{"embeddable":true,"href":"https:\/\/sefaz.ac.gov.br\/2021\/index.php?rest_route=\/wp\/v2\/users\/5"}],"replies":[{"embeddable":true,"href":"https:\/\/sefaz.ac.gov.br\/2021\/index.php?rest_route=%2Fwp%2Fv2%2Fcomments&post=13197"}],"version-history":[{"count":0,"href":"https:\/\/sefaz.ac.gov.br\/2021\/index.php?rest_route=\/wp\/v2\/posts\/13197\/revisions"}],"wp:attachment":[{"href":"https:\/\/sefaz.ac.gov.br\/2021\/index.php?rest_route=%2Fwp%2Fv2%2Fmedia&parent=13197"}],"wp:term":[{"taxonomy":"category","embeddable":true,"href":"https:\/\/sefaz.ac.gov.br\/2021\/index.php?rest_route=%2Fwp%2Fv2%2Fcategories&post=13197"},{"taxonomy":"post_tag","embeddable":true,"href":"https:\/\/sefaz.ac.gov.br\/2021\/index.php?rest_route=%2Fwp%2Fv2%2Ftags&post=13197"}],"curies":[{"name":"wp","href":"https:\/\/api.w.org\/{rel}","templated":true}]}}