{"id":13162,"date":"2011-07-01T13:10:13","date_gmt":"2011-07-01T16:10:13","guid":{"rendered":"http:\/\/sefaz.acre.gov.br:80\/2021\/?p=13162"},"modified":"2023-04-25T12:57:26","modified_gmt":"2023-04-25T15:57:26","slug":"portaria-conjunta-sefaz-sga-no-001-de-01-de-julho-de-2011","status":"publish","type":"post","link":"https:\/\/sefaz.ac.gov.br\/2021\/?p=13162","title":{"rendered":"PORTARIA CONJUNTA SEFAZ\/SGA N\u00ba 001 DE 01 DE JULHO DE 2011"},"content":{"rendered":"\n<p class=\"wp-block-paragraph\"><strong>O SECRET\u00c1RIO DE ESTADO DA FAZENDA E A SECRET\u00c1RIA DE ESTADO DA GEST\u00c3O ADMINISTRATIVA<\/strong>, no uso de suas atribui\u00e7\u00f5es legais,<\/p>\n\n\n\n<p class=\"wp-block-paragraph\"><strong>CONSIDERANDO<\/strong> o disposto na Resolu\u00e7\u00e3o n\u00ba 22, de 19 de maio de 1989, do Senado Federal;<\/p>\n\n\n\n<p class=\"wp-block-paragraph\"><strong>CONSIDERANDO<\/strong> ainda, o disposto no \u00a7 5\u00ba, do art. 96, do Decreto 008\/98 \u2013 alterado pelo Decreto 13.287, de 29 de novembro de 2005;<\/p>\n\n\n\n<p class=\"wp-block-paragraph\"><strong>CONSIDERANDO<\/strong> tamb\u00e9m, o que disp\u00f5e o art. 155, \u00a7 2\u00ba, VII, \u201ca\u201d e \u201cb\u201d c\/c VIII, da Constitui\u00e7\u00e3o Federal de 1988;<\/p>\n\n\n\n<p class=\"wp-block-paragraph\"><strong>CONSIDERANDO<\/strong> a necessidade de garantir isonomia tribut\u00e1ria aos interessados em contratar com a Administra\u00e7\u00e3o P\u00fablica Estadual;<\/p>\n\n\n\n<p class=\"wp-block-paragraph\"><strong>CONSIDERANDO<\/strong> a necessidade de equilibrar a carga tribut\u00e1ria do ICMS a ser suportada pelos contribuintes cadastrados na Secretaria de Estado da Fazenda do Acre e os licitantes localizados em outras Unidades Federadas n\u00e3o detentores de Inscri\u00e7\u00e3o Estadual na qualidade de contribuinte no Estado do Acre;<\/p>\n\n\n\n<p class=\"wp-block-paragraph\"><strong>RESOLVEM:<\/strong><\/p>\n\n\n\n<p class=\"wp-block-paragraph\">Art. 1\u00ba&nbsp; Implantar o procedimento para equaliza\u00e7\u00e3o e obten\u00e7\u00e3o do valor para julgamento de cada proposta ou lance apresentado nos processos licitat\u00f3rios, no fornecimento de material com entrega no Estado Acre, em conson\u00e2ncia com a aplica\u00e7\u00e3o da f\u00f3rmula abaixo:<\/p>\n\n\n\n<p class=\"wp-block-paragraph\">Fator de Equaliza\u00e7\u00e3o = 1 + (al\u00edquota interna do ICMS \u2013 al\u00edquota do ICMS de origem).<\/p>\n\n\n\n<p class=\"wp-block-paragraph\">Observa\u00e7\u00e3o:&nbsp; Para a obten\u00e7\u00e3o da al\u00edquota do ICMS de origem deve ser utilizada a Resolu\u00e7\u00e3o n\u00ba 22\/89 do Senado Federal.<\/p>\n\n\n\n<p class=\"wp-block-paragraph\">Art. 2\u00ba&nbsp; Os pre\u00e7os contidos nas propostas devem incluir todos os custos e despesas, diretos e indiretos, tais como tributos (inclusive eventual diferen\u00e7a de ICMS), encargos (sociais, trabalhistas e fiscais), seguro, frete, lucro e outros necess\u00e1rios ao cumprimento integral do objeto.<\/p>\n\n\n\n<p class=\"wp-block-paragraph\">Art. 3\u00ba&nbsp; Compete a Secretaria Adjunta de Compras e Licita\u00e7\u00f5es P\u00fablicas, atrav\u00e9s de seus prepostos, inserirem nos seus editais o novo regramento para aplica\u00e7\u00e3o das medidas ora adotadas, para proceder a equaliza\u00e7\u00e3o no ato da realiza\u00e7\u00e3o do certame licitat\u00f3rio.<\/p>\n\n\n\n<p class=\"wp-block-paragraph\">Art. 4\u00ba&nbsp; A Secretaria de Estado da Fazenda conjuntamente com a Secretaria de Estado da Gest\u00e3o Administrativa instruir\u00e3o os Pregoeiros a fim de implementar as medidas desta Portaria Conjunta.<\/p>\n\n\n\n<p class=\"wp-block-paragraph\">Art. 5\u00ba&nbsp; Os editais de licita\u00e7\u00e3o e as respectivas minutas de contrato dever\u00e3o conter, a partir do dia 04 de julho de 2011, previs\u00e3o para aplica\u00e7\u00e3o do fator de equaliza\u00e7\u00e3o do ICMS.<\/p>\n\n\n\n<p class=\"wp-block-paragraph\">Art. 6\u00ba&nbsp; Esta Portaria Conjunta entra em vigor na data de sua publica\u00e7\u00e3o.<\/p>\n\n\n\n<p class=\"wp-block-paragraph\">Registre-se, Publique-se e Cumpra-se.<\/p>\n\n\n\n<p class=\"wp-block-paragraph\">Rio Branco-Acre, 01 de julho de 2011.<\/p>\n","protected":false},"excerpt":{"rendered":"<p>Implanta o procedimento para equaliza\u00e7\u00e3o e obten\u00e7\u00e3o do valor para julgamento de cada proposta ou lance apresentado nos processos licitat\u00f3rios, no fornecimento de material com entrega no Estado Acre.<\/p>\n","protected":false},"author":5,"featured_media":0,"comment_status":"closed","ping_status":"closed","sticky":false,"template":"","format":"standard","meta":{"_acf_changed":false,"footnotes":""},"categories":[3,33],"tags":[35],"class_list":["post-13162","post","type-post","status-publish","format-standard","hentry","category-legislacao","category-portarias","tag-icms"],"acf":[],"_links":{"self":[{"href":"https:\/\/sefaz.ac.gov.br\/2021\/index.php?rest_route=\/wp\/v2\/posts\/13162","targetHints":{"allow":["GET"]}}],"collection":[{"href":"https:\/\/sefaz.ac.gov.br\/2021\/index.php?rest_route=\/wp\/v2\/posts"}],"about":[{"href":"https:\/\/sefaz.ac.gov.br\/2021\/index.php?rest_route=\/wp\/v2\/types\/post"}],"author":[{"embeddable":true,"href":"https:\/\/sefaz.ac.gov.br\/2021\/index.php?rest_route=\/wp\/v2\/users\/5"}],"replies":[{"embeddable":true,"href":"https:\/\/sefaz.ac.gov.br\/2021\/index.php?rest_route=%2Fwp%2Fv2%2Fcomments&post=13162"}],"version-history":[{"count":0,"href":"https:\/\/sefaz.ac.gov.br\/2021\/index.php?rest_route=\/wp\/v2\/posts\/13162\/revisions"}],"wp:attachment":[{"href":"https:\/\/sefaz.ac.gov.br\/2021\/index.php?rest_route=%2Fwp%2Fv2%2Fmedia&parent=13162"}],"wp:term":[{"taxonomy":"category","embeddable":true,"href":"https:\/\/sefaz.ac.gov.br\/2021\/index.php?rest_route=%2Fwp%2Fv2%2Fcategories&post=13162"},{"taxonomy":"post_tag","embeddable":true,"href":"https:\/\/sefaz.ac.gov.br\/2021\/index.php?rest_route=%2Fwp%2Fv2%2Ftags&post=13162"}],"curies":[{"name":"wp","href":"https:\/\/api.w.org\/{rel}","templated":true}]}}