{"id":13077,"date":"2011-09-09T11:51:02","date_gmt":"2011-09-09T14:51:02","guid":{"rendered":"http:\/\/sefaz.acre.gov.br:80\/2021\/?p=13077"},"modified":"2023-04-25T13:25:24","modified_gmt":"2023-04-25T16:25:24","slug":"portaria-no-476-de-09-de-setembro-de-2011-revogada","status":"publish","type":"post","link":"https:\/\/sefaz.ac.gov.br\/2021\/?p=13077","title":{"rendered":"PORTARIA N\u00ba 476, DE 09 DE SETEMBRO DE 2011 (Revogada)"},"content":{"rendered":"\n<p class=\"wp-block-paragraph\"><strong>O SECRET\u00c1RIO DE ESTADO DA FAZENDA<\/strong>, no uso de suas atribui\u00e7\u00f5es legais definidas no regimento interno e amparado nas disposi\u00e7\u00f5es do art. 6\u00ba, \u00a7 4\u00ba da Lei Complementar Estadual n\u00ba 55, de 09 de julho de 1997, e, ainda, nos termos do Decreto Estadual 183\/75.<\/p>\n\n\n\n<p class=\"wp-block-paragraph\"><strong>CONSIDERANDO<\/strong> que a concess\u00e3o de benef\u00edcios fiscais relativos ao ICMS de forma unilateral a um contribuinte ou aos contribuintes de determinado segmento econ\u00f4mico de uma unidade federada retira a neutralidade que o imposto deve ter no sentido de n\u00e3o interfer\u00eancia nas regras de mercado;<\/p>\n\n\n\n<p class=\"wp-block-paragraph\"><strong>CONSIDERANDO<\/strong> que os contribuintes n\u00e3o alcan\u00e7ados por benef\u00edcio fiscal dessa ordem concorrem em desigualdade contra vantagens financeiras que n\u00e3o permitem o desenvolvimento regular de suas atividades econ\u00f4micas;<\/p>\n\n\n\n<p class=\"wp-block-paragraph\"><strong>CONSIDERANDO<\/strong> que a concorr\u00eancia predat\u00f3ria prejudica a receita do Estado e, em consequ\u00eancia, a popula\u00e7\u00e3o mais carente, que \u00e9 a que mais depende da atividade estatal;<\/p>\n\n\n\n<p class=\"wp-block-paragraph\"><strong>CONSIDERANDO<\/strong> que a Constitui\u00e7\u00e3o Federal, ao definir o ICMS como imposto n\u00e3o cumulativo, determina que seja compensado com o imposto cobrado nas opera\u00e7\u00f5es anteriores;<\/p>\n\n\n\n<p class=\"wp-block-paragraph\"><strong>CONSIDERANDO<\/strong> que benef\u00edcios fiscais que implicam n\u00e3o cobran\u00e7a do tributo somente t\u00eam validade jur\u00eddica quando aprovados em Conv\u00eanio firmado por todas as unidades federadas, a fim de evitar as distor\u00e7\u00f5es acima enumeradas;<\/p>\n\n\n\n<p class=\"wp-block-paragraph\"><strong>CONSIDERANDO<\/strong> que h\u00e1 respaldo legal para serem admitidos cr\u00e9ditos do imposto apenas no valor correspondente \u00e0quele efetivamente cobrado na opera\u00e7\u00e3o ou presta\u00e7\u00e3o anterior;<\/p>\n\n\n\n<p class=\"wp-block-paragraph\"><strong>CONSIDERANDO<\/strong> a necessidade de esclarecer o contribuinte acreano e orientar a fiscaliza\u00e7\u00e3o quanto a opera\u00e7\u00f5es realizadas ao abrigo de atos normativos, concessivos de benef\u00edcio fiscal que n\u00e3o obedeceram \u00e0 legisla\u00e7\u00e3o de reg\u00eancia do ICMS, bem como o contido no art. 37 do Regulamento do ICMS, aprovado pelo Decreto n\u00ba 08, de 26 de janeiro de 1998; e,<\/p>\n\n\n\n<p class=\"wp-block-paragraph\"><strong>CONSIDERANDO<\/strong> que a parcela do imposto decorrente de opera\u00e7\u00f5es oriundas de outras unidades da Federa\u00e7\u00e3o que tenham concedido isen\u00e7\u00e3o, incentivos ou benef\u00edcios fiscais sem a observ\u00e2ncia das disposi\u00e7\u00f5es da Lei Complementar Federal n\u00ba 24\/75, \u00e9 considerada n\u00e3o cobrada e ineficaz para efeitos de compensa\u00e7\u00e3o, ficando, assim, vedado o aproveitamento de cr\u00e9dito, ainda que destacado em documento fiscal;<\/p>\n\n\n\n<p class=\"wp-block-paragraph\"><strong>R E S O L V E:<\/strong><\/p>\n\n\n\n<p class=\"wp-block-paragraph\">Art. 1\u00ba Atualizar os multiplicadores para efeito de lan\u00e7amento e cobran\u00e7a do Imposto sobre Opera\u00e7\u00f5es Relativas \u00e0 Circula\u00e7\u00e3o de Mercadorias e sobre Presta\u00e7\u00f5es de Servi\u00e7os de Transporte Interestadual e Intermunicipal e de Comunica\u00e7\u00e3o \u2013 ICMS, nas opera\u00e7\u00f5es interestaduais dos produtos especificados no Anexo \u00danico desta Portaria.<\/p>\n\n\n\n<p class=\"wp-block-paragraph\">Art. 2\u00ba O cr\u00e9dito do ICMS, correspondente \u00e0 entrada de mercadoria ou bem remetido a estabelecimento localizado em territ\u00f3rio acreano, por estabelecimento que se beneficie com incentivos fiscais ser\u00e1 admitido na mesma propor\u00e7\u00e3o em que o imposto venha sendo efetivamente recolhido \u00e0 unidade federada de origem, limitado aos percentuais listados no referido Anexo.<\/p>\n\n\n\n<p class=\"wp-block-paragraph\">Art. 3\u00ba Fica vedado o aproveitamento do cr\u00e9dito, relativamente \u00e0 parcela do ICMS dispensada mediante redu\u00e7\u00e3o na base de c\u00e1lculo na unidade federada de origem da mercadoria, quando concedido o benef\u00edcio fiscal sem amparo em conv\u00eanio celebrado no \u00e2mbito do Conselho Nacional de Politica Fazend\u00e1ria \u2013 CONFAZ. <\/p>\n\n\n\n<p class=\"wp-block-paragraph\">Art. 4\u00ba Esta Portaria entra em vigor na data de sua publica\u00e7\u00e3o.<\/p>\n\n\n\n<p class=\"wp-block-paragraph\">Art. 5\u00ba Registre-se, Publique-se, Cumpra-se.<\/p>\n\n\n\n<p class=\"wp-block-paragraph\">Rio Branco &#8211; Acre, 09 de setembro de 2011.<\/p>\n","protected":false},"excerpt":{"rendered":"<p>Atualizar os multiplicadores para efeito de lan\u00e7amento e cobran\u00e7a do ICMS<\/p>\n","protected":false},"author":5,"featured_media":0,"comment_status":"closed","ping_status":"closed","sticky":false,"template":"","format":"standard","meta":{"_acf_changed":false,"footnotes":""},"categories":[3,33],"tags":[35],"class_list":["post-13077","post","type-post","status-publish","format-standard","hentry","category-legislacao","category-portarias","tag-icms"],"acf":[],"_links":{"self":[{"href":"https:\/\/sefaz.ac.gov.br\/2021\/index.php?rest_route=\/wp\/v2\/posts\/13077","targetHints":{"allow":["GET"]}}],"collection":[{"href":"https:\/\/sefaz.ac.gov.br\/2021\/index.php?rest_route=\/wp\/v2\/posts"}],"about":[{"href":"https:\/\/sefaz.ac.gov.br\/2021\/index.php?rest_route=\/wp\/v2\/types\/post"}],"author":[{"embeddable":true,"href":"https:\/\/sefaz.ac.gov.br\/2021\/index.php?rest_route=\/wp\/v2\/users\/5"}],"replies":[{"embeddable":true,"href":"https:\/\/sefaz.ac.gov.br\/2021\/index.php?rest_route=%2Fwp%2Fv2%2Fcomments&post=13077"}],"version-history":[{"count":0,"href":"https:\/\/sefaz.ac.gov.br\/2021\/index.php?rest_route=\/wp\/v2\/posts\/13077\/revisions"}],"wp:attachment":[{"href":"https:\/\/sefaz.ac.gov.br\/2021\/index.php?rest_route=%2Fwp%2Fv2%2Fmedia&parent=13077"}],"wp:term":[{"taxonomy":"category","embeddable":true,"href":"https:\/\/sefaz.ac.gov.br\/2021\/index.php?rest_route=%2Fwp%2Fv2%2Fcategories&post=13077"},{"taxonomy":"post_tag","embeddable":true,"href":"https:\/\/sefaz.ac.gov.br\/2021\/index.php?rest_route=%2Fwp%2Fv2%2Ftags&post=13077"}],"curies":[{"name":"wp","href":"https:\/\/api.w.org\/{rel}","templated":true}]}}