{"id":13065,"date":"2010-06-30T10:11:49","date_gmt":"2010-06-30T13:11:49","guid":{"rendered":"http:\/\/sefaz.acre.gov.br:80\/2021\/?p=13065"},"modified":"2023-04-25T12:49:23","modified_gmt":"2023-04-25T15:49:23","slug":"portaria-no-413-de-30-de-julho-de-2010","status":"publish","type":"post","link":"https:\/\/sefaz.ac.gov.br\/2021\/?p=13065","title":{"rendered":"PORTARIA N\u00ba 413, DE 30 DE JULHO DE 2010"},"content":{"rendered":"\n<p class=\"wp-block-paragraph\"><strong>O SECRET\u00c1RIO DE ESTADO DA FAZENDA, <\/strong>no uso de suas atribui\u00e7\u00f5es legais, e tendo em vista o disposto no art. 519, do Regulamento do ICMS, aprovado pelo Decreto n\u00ba 008, de 26 de janeiro de 1998;<\/p>\n\n\n\n<p class=\"wp-block-paragraph\">Considerando a edi\u00e7\u00e3o do Conv\u00eanio ICMS n\u00ba 109, de 09 de julho de 2010, que altera o Conv\u00eanio n\u00ba 11, de 03 de abril de 2009,<\/p>\n\n\n\n<p class=\"wp-block-paragraph\"><strong>RESOLVE:<\/strong><\/p>\n\n\n\n<p class=\"wp-block-paragraph\">Art. 1\u00ba<strong>&nbsp; <\/strong>O artigo 2\u00ba da Portaria n\u00ba 274, de 1\u00ba de julho de 2009, passa a vigorar com a seguinte reda\u00e7\u00e3o:<\/p>\n\n\n\n<blockquote class=\"wp-block-quote is-layout-flow wp-block-quote-is-layout-flow\">\n<p class=\"wp-block-paragraph\">&nbsp;\u201cArt. 2\u00baO d\u00e9bito consolidado poder\u00e1 ser pago, desde que requerido at\u00e9 30 de novembro de 2010, nas seguintes condi\u00e7\u00f5es:\u201d (NR)<\/p>\n<\/blockquote>\n\n\n\n<p class=\"wp-block-paragraph\">Art. 2\u00ba&nbsp; Ficam convalidados os procedimentos adotados nos termos da Portaria n\u00ba 274, de 1\u00ba de julho de 2009, at\u00e9 30 de julho de 2010, nos termos da cl\u00e1usula segunda do Conv\u00eanio ICMS n\u00ba 109, de 09 de julho de 2010.<\/p>\n\n\n\n<p class=\"wp-block-paragraph\">Art. 3\u00ba &nbsp;Esta Portaria entra em vigor na data da sua publica\u00e7\u00e3o.<\/p>\n\n\n\n<p class=\"wp-block-paragraph\">Rio Branco-Acre, 30 de julho de 2010.<\/p>\n","protected":false},"excerpt":{"rendered":"<p>Altera o caput do art. 2\u00ba da Portaria n\u00ba 274, de 1\u00ba de julho de 2009. <\/p>\n","protected":false},"author":5,"featured_media":0,"comment_status":"closed","ping_status":"closed","sticky":false,"template":"","format":"standard","meta":{"_acf_changed":false,"footnotes":""},"categories":[3,33],"tags":[35],"class_list":["post-13065","post","type-post","status-publish","format-standard","hentry","category-legislacao","category-portarias","tag-icms"],"acf":[],"_links":{"self":[{"href":"https:\/\/sefaz.ac.gov.br\/2021\/index.php?rest_route=\/wp\/v2\/posts\/13065","targetHints":{"allow":["GET"]}}],"collection":[{"href":"https:\/\/sefaz.ac.gov.br\/2021\/index.php?rest_route=\/wp\/v2\/posts"}],"about":[{"href":"https:\/\/sefaz.ac.gov.br\/2021\/index.php?rest_route=\/wp\/v2\/types\/post"}],"author":[{"embeddable":true,"href":"https:\/\/sefaz.ac.gov.br\/2021\/index.php?rest_route=\/wp\/v2\/users\/5"}],"replies":[{"embeddable":true,"href":"https:\/\/sefaz.ac.gov.br\/2021\/index.php?rest_route=%2Fwp%2Fv2%2Fcomments&post=13065"}],"version-history":[{"count":0,"href":"https:\/\/sefaz.ac.gov.br\/2021\/index.php?rest_route=\/wp\/v2\/posts\/13065\/revisions"}],"wp:attachment":[{"href":"https:\/\/sefaz.ac.gov.br\/2021\/index.php?rest_route=%2Fwp%2Fv2%2Fmedia&parent=13065"}],"wp:term":[{"taxonomy":"category","embeddable":true,"href":"https:\/\/sefaz.ac.gov.br\/2021\/index.php?rest_route=%2Fwp%2Fv2%2Fcategories&post=13065"},{"taxonomy":"post_tag","embeddable":true,"href":"https:\/\/sefaz.ac.gov.br\/2021\/index.php?rest_route=%2Fwp%2Fv2%2Ftags&post=13065"}],"curies":[{"name":"wp","href":"https:\/\/api.w.org\/{rel}","templated":true}]}}