{"id":13062,"date":"2010-06-02T10:09:57","date_gmt":"2010-06-02T13:09:57","guid":{"rendered":"http:\/\/sefaz.acre.gov.br:80\/2021\/?p=13062"},"modified":"2023-04-25T12:47:10","modified_gmt":"2023-04-25T15:47:10","slug":"portaria-no-287-de-02-de-junho-de-2010","status":"publish","type":"post","link":"https:\/\/sefaz.ac.gov.br\/2021\/?p=13062","title":{"rendered":"PORTARIA N\u00ba 287, DE 02 DE JUNHO DE 2010"},"content":{"rendered":"\n<p class=\"wp-block-paragraph\"><strong>O SECRET\u00c1RIO DE ESTADO DA FAZENDA, <\/strong>no uso de suas atribui\u00e7\u00f5es legais, e tendo em vista o disposto no art. 519 do Regulamento do ICMS, aprovado pelo Decreto n\u00ba 008, de 26 de janeiro de 1998;<\/p>\n\n\n\n<p class=\"wp-block-paragraph\">Considerando a edi\u00e7\u00e3o do Conv\u00eanio ICMS n\u00ba 62, de 26 de mar\u00e7o de 2010, que altera o Conv\u00eanio n\u00ba 11, de 03 de abril de 2009,<\/p>\n\n\n\n<p class=\"wp-block-paragraph\"><strong>RESOLVE:<\/strong><\/p>\n\n\n\n<p class=\"wp-block-paragraph\">Art. 1\u00ba<strong>&nbsp; <\/strong>Os dispositivos a seguir enumerados da Portaria n\u00ba 274, de 1\u00ba de julho de 2009, passam a vigorar com as seguintes reda\u00e7\u00f5es:<\/p>\n\n\n\n<p class=\"wp-block-paragraph\">I &#8211; o \u201ccaput\u201d do artigo primeiro:<strong><\/strong><\/p>\n\n\n\n<p class=\"wp-block-paragraph\">\u201cArt. 1\u00ba <strong>&nbsp;<\/strong>Fica institu\u00eddo o Programa de Parcelamento Incentivado no Estado do Acre &#8211; PPI\/ICMS,&nbsp; visando a quita\u00e7\u00e3o&nbsp; de d\u00e9bitos fiscais relacionados com o ICMS, cujos fatos geradores tenham ocorrido at\u00e9 31 de dezembro de 2008, constitu\u00eddos ou n\u00e3o, inclusive os espontaneamente denunciados pelo contribuinte, inscritos ou n\u00e3o em d\u00edvida ativa, ainda que ajuizados, observadas as condi\u00e7\u00f5es e limites estabelecidos nesta Portaria.\u201d (NR)<\/p>\n\n\n\n<p class=\"wp-block-paragraph\">II \u2013 o \u201ccaput\u201d do artigo segundo:<\/p>\n\n\n\n<p class=\"wp-block-paragraph\">\u201cArt. 2\u00baO d\u00e9bito consolidado poder\u00e1 ser pago, desde que requerido at\u00e9 30 de junho de 2010, nas seguintes condi\u00e7\u00f5es:\u201d (NR)<\/p>\n\n\n\n<p class=\"wp-block-paragraph\">Art. 2\u00ba&nbsp; Ficam convalidados os procedimentos adotados nos termos da Portaria n\u00ba 274, de 1\u00ba de julho de 2009, no per\u00edodo de 1\u00b0 de outubro de 2009 at\u00e9 22 de abril de 2010, nos termos da cl\u00e1usula terceira do Conv\u00eanio ICMS n\u00ba 62, de 26 de mar\u00e7o de 2010.<\/p>\n\n\n\n<p class=\"wp-block-paragraph\">Art. 3\u00ba &nbsp;Esta Portaria entra em vigor na data da sua publica\u00e7\u00e3o.<\/p>\n\n\n\n<p class=\"wp-block-paragraph\">Rio Branco-Acre, 02 de junho de 2010.<\/p>\n","protected":false},"excerpt":{"rendered":"<p>Altera dispositivos da Portaria n\u00ba 274, de 1\u00ba de julho de 2009, que institui o Programa de Parcelamento Incentivado no Estado do Acre-PPI\/ICMS.<\/p>\n","protected":false},"author":5,"featured_media":0,"comment_status":"closed","ping_status":"closed","sticky":false,"template":"","format":"standard","meta":{"_acf_changed":false,"footnotes":""},"categories":[3,33],"tags":[35],"class_list":["post-13062","post","type-post","status-publish","format-standard","hentry","category-legislacao","category-portarias","tag-icms"],"acf":[],"_links":{"self":[{"href":"https:\/\/sefaz.ac.gov.br\/2021\/index.php?rest_route=\/wp\/v2\/posts\/13062","targetHints":{"allow":["GET"]}}],"collection":[{"href":"https:\/\/sefaz.ac.gov.br\/2021\/index.php?rest_route=\/wp\/v2\/posts"}],"about":[{"href":"https:\/\/sefaz.ac.gov.br\/2021\/index.php?rest_route=\/wp\/v2\/types\/post"}],"author":[{"embeddable":true,"href":"https:\/\/sefaz.ac.gov.br\/2021\/index.php?rest_route=\/wp\/v2\/users\/5"}],"replies":[{"embeddable":true,"href":"https:\/\/sefaz.ac.gov.br\/2021\/index.php?rest_route=%2Fwp%2Fv2%2Fcomments&post=13062"}],"version-history":[{"count":0,"href":"https:\/\/sefaz.ac.gov.br\/2021\/index.php?rest_route=\/wp\/v2\/posts\/13062\/revisions"}],"wp:attachment":[{"href":"https:\/\/sefaz.ac.gov.br\/2021\/index.php?rest_route=%2Fwp%2Fv2%2Fmedia&parent=13062"}],"wp:term":[{"taxonomy":"category","embeddable":true,"href":"https:\/\/sefaz.ac.gov.br\/2021\/index.php?rest_route=%2Fwp%2Fv2%2Fcategories&post=13062"},{"taxonomy":"post_tag","embeddable":true,"href":"https:\/\/sefaz.ac.gov.br\/2021\/index.php?rest_route=%2Fwp%2Fv2%2Ftags&post=13062"}],"curies":[{"name":"wp","href":"https:\/\/api.w.org\/{rel}","templated":true}]}}