{"id":12964,"date":"2009-12-01T15:02:31","date_gmt":"2009-12-01T17:02:31","guid":{"rendered":"http:\/\/sefaz.acre.gov.br:80\/2021\/?p=12964"},"modified":"2023-04-25T11:54:12","modified_gmt":"2023-04-25T14:54:12","slug":"portaria-no-515-de-1o-de-dezembro-de-2009","status":"publish","type":"post","link":"https:\/\/sefaz.ac.gov.br\/2021\/?p=12964","title":{"rendered":"PORTARIA N\u00ba 515, DE 1\u00ba DE DEZEMBRO DE 2009"},"content":{"rendered":"\n<p class=\"wp-block-paragraph\"><strong>O SECRET\u00c1RIO DE ESTADO DA FAZENDA<\/strong>, no uso de suas atribui\u00e7\u00f5es legais, e nos termos da Lei Complementar n\u00ba 114, de 30 de dezembro de 2002,<\/p>\n\n\n\n<p class=\"wp-block-paragraph\"><strong>R E S O L V E<\/strong>:<\/p>\n\n\n\n<p class=\"wp-block-paragraph\">Art. 1\u00ba Aprovar os valores de base de c\u00e1lculo para lan\u00e7amento do Imposto sobre a Propriedade de Ve\u00edculos Automotores \u2013 IPVA, referente ao exerc\u00edcio de 2010, conforme tabela anexa a esta Portaria.<\/p>\n\n\n\n<p class=\"wp-block-paragraph\">Art. 2\u00ba O imposto a ser recolhido ser\u00e1 o resultante da aplica\u00e7\u00e3o da al\u00edquota prevista no art. 4\u00ba da Lei Complementar n\u00ba 114, de 30 de dezembro de 2002, sobre a base de c\u00e1lculo constante na tabela de que trata o artigo 1\u00ba desta Portaria, correspondente a cada tipo de ve\u00edculo.<\/p>\n\n\n\n<p class=\"wp-block-paragraph\">Art. 3\u00ba&nbsp; O pagamento anual do Imposto sobre a Propriedade de Ve\u00edculos Automotores &#8211; IPVA, poder\u00e1 ser efetuado em cota \u00fanica, ou em tr\u00eas parcelas, de acordo com o algarismo final da placa na forma da tabela a seguir:<\/p>\n\n\n\n<figure class=\"wp-block-table\"><table><tbody><tr><td class=\"has-text-align-center\" data-align=\"center\"><strong>Ve\u00edculos com<\/strong> <strong>final de placa<\/strong><\/td><td class=\"has-text-align-center\" data-align=\"center\"><strong>Vencimento da cota \u00fanica ou 1\u00aa cota<\/strong><\/td><td class=\"has-text-align-center\" data-align=\"center\"><strong>Vencimento da<\/strong> <strong>2\u00aa cota<\/strong><\/td><td class=\"has-text-align-center\" data-align=\"center\"><strong>Vencimento da<\/strong> <strong>3\u00aa cota<\/strong><\/td><\/tr><tr><td class=\"has-text-align-center\" data-align=\"center\"><strong>1 e 2<\/strong><\/td><td class=\"has-text-align-center\" data-align=\"center\"><strong>29\/01<\/strong><\/td><td class=\"has-text-align-center\" data-align=\"center\"><strong>26\/02<\/strong><\/td><td class=\"has-text-align-center\" data-align=\"center\"><strong>31\/03<\/strong><\/td><\/tr><tr><td class=\"has-text-align-center\" data-align=\"center\"><strong>3 e 4<\/strong><\/td><td class=\"has-text-align-center\" data-align=\"center\"><strong>26\/02<\/strong><\/td><td class=\"has-text-align-center\" data-align=\"center\"><strong>30\/03<\/strong><\/td><td class=\"has-text-align-center\" data-align=\"center\"><strong>30\/04<\/strong><\/td><\/tr><tr><td class=\"has-text-align-center\" data-align=\"center\"><strong>5<\/strong><\/td><td class=\"has-text-align-center\" data-align=\"center\"><strong>31\/03<\/strong><\/td><td class=\"has-text-align-center\" data-align=\"center\"><strong>30\/04<\/strong><\/td><td class=\"has-text-align-center\" data-align=\"center\"><strong>31\/05<\/strong><\/td><\/tr><tr><td class=\"has-text-align-center\" data-align=\"center\"><strong>6<\/strong><\/td><td class=\"has-text-align-center\" data-align=\"center\"><strong>30\/04<\/strong><\/td><td class=\"has-text-align-center\" data-align=\"center\"><strong>31\/05<\/strong><\/td><td class=\"has-text-align-center\" data-align=\"center\"><strong>30\/06<\/strong><\/td><\/tr><tr><td class=\"has-text-align-center\" data-align=\"center\"><strong>7<\/strong><\/td><td class=\"has-text-align-center\" data-align=\"center\"><strong>31\/05<\/strong><\/td><td class=\"has-text-align-center\" data-align=\"center\"><strong>30\/06<\/strong><\/td><td class=\"has-text-align-center\" data-align=\"center\"><strong>30\/07<\/strong><\/td><\/tr><tr><td class=\"has-text-align-center\" data-align=\"center\"><strong>8<\/strong><\/td><td class=\"has-text-align-center\" data-align=\"center\"><strong>30\/06<\/strong><\/td><td class=\"has-text-align-center\" data-align=\"center\"><strong>30\/07<\/strong><\/td><td class=\"has-text-align-center\" data-align=\"center\"><strong>31\/08<\/strong><\/td><\/tr><tr><td class=\"has-text-align-center\" data-align=\"center\"><strong>9<\/strong><\/td><td class=\"has-text-align-center\" data-align=\"center\"><strong>30\/07<\/strong><\/td><td class=\"has-text-align-center\" data-align=\"center\"><strong>31\/08<\/strong><\/td><td class=\"has-text-align-center\" data-align=\"center\"><strong>30\/09<\/strong><\/td><\/tr><tr><td class=\"has-text-align-center\" data-align=\"center\"><strong>0<\/strong><\/td><td class=\"has-text-align-center\" data-align=\"center\"><strong>31\/08<\/strong><\/td><td class=\"has-text-align-center\" data-align=\"center\"><strong>30\/09<\/strong><\/td><td class=\"has-text-align-center\" data-align=\"center\"><strong>29\/10<\/strong><\/td><\/tr><\/tbody><\/table><\/figure>\n\n\n\n<p class=\"wp-block-paragraph\">\u00a7&nbsp; 1\u00ba&nbsp; O pagamento do imposto em cota \u00fanica, at\u00e9 o vencimento, ter\u00e1 redu\u00e7\u00e3o de 10% (dez por cento).<\/p>\n\n\n\n<p class=\"wp-block-paragraph\">\u00a7 2\u00ba&nbsp; Em caso de parcelamento, o valor de cada parcela obedecer\u00e1 os seguintes crit\u00e9rios:<\/p>\n\n\n\n<p class=\"wp-block-paragraph\">I &#8211; 1\u00aa parcela correspondente a 33,34% (trinta e tr\u00eas inteiros e trinta e quatro cent\u00e9simos por cento) do valor do imposto.<\/p>\n\n\n\n<p class=\"wp-block-paragraph\">II &#8211;&nbsp; 2\u00aa&nbsp; e 3\u00aa parcelas correspondentes a 33,33% (trinta e tr\u00eas inteiros e trinta e tr\u00eas cent\u00e9simos por cento) do valor do imposto, respectivamente.<\/p>\n\n\n\n<p class=\"wp-block-paragraph\">&nbsp;\u00a7 3\u00ba&nbsp; A parcela n\u00e3o poder\u00e1 ser inferior a R$ 20,00 (vinte reais).<\/p>\n\n\n\n<p class=\"wp-block-paragraph\">Art. 4\u00ba&nbsp; A Secretaria de Estado da Fazenda em conjunto com o Departamento Estadual de Tr\u00e2nsito, remeter\u00e1 aos propriet\u00e1rios de ve\u00edculos automotores, a Notifica\u00e7\u00e3o Fiscal e o Documento de Arrecada\u00e7\u00e3o Estadual-DAE devidamente preenchido, inclusive com data prefixada para o pagamento.<\/p>\n\n\n\n<p class=\"wp-block-paragraph\">Par\u00e1grafo \u00fanico.&nbsp; Se o propriet\u00e1rio do ve\u00edculo n\u00e3o receber a Notifica\u00e7\u00e3o Fiscal e o Documento de Arrecada\u00e7\u00e3o Estadual-DAE at\u00e9 a data prevista para o pagamento do IPVA, poder\u00e1 emiti-los no site <a href=\"http:\/\/www.detran.ac.gov.br\/\">www.detran.ac.gov.br<\/a>, no Posto Fiscal do IPVA no Departamento Estadual de Tr\u00e2nsito do Acre \u2013 DETRAN-AC, ou no \u00d3rg\u00e3o Fazend\u00e1rio do seu Munic\u00edpio.<\/p>\n\n\n\n<p class=\"wp-block-paragraph\">Art. 5\u00ba Esta Portaria entrar\u00e1 em vigor na data de sua publica\u00e7\u00e3o, produzindo seus efeitos a partir do dia 1\u00ba de janeiro de 2010.<\/p>\n\n\n\n<p class=\"wp-block-paragraph\">Registre-se, Publique-se e Cumpra-se.<\/p>\n\n\n\n<p class=\"wp-block-paragraph\">Rio Branco-Acre, 1\u00ba de dezembro de 2009.<\/p>\n","protected":false},"excerpt":{"rendered":"<p>Aprova a tabela de valores de base de c\u00e1lculo e estabelece prazo para pagamento do IPVA referente ao exerc\u00edcio de 2010.<\/p>\n","protected":false},"author":5,"featured_media":0,"comment_status":"closed","ping_status":"closed","sticky":false,"template":"","format":"standard","meta":{"_acf_changed":false,"footnotes":""},"categories":[3,33],"tags":[29],"class_list":["post-12964","post","type-post","status-publish","format-standard","hentry","category-legislacao","category-portarias","tag-ipva"],"acf":[],"_links":{"self":[{"href":"https:\/\/sefaz.ac.gov.br\/2021\/index.php?rest_route=\/wp\/v2\/posts\/12964","targetHints":{"allow":["GET"]}}],"collection":[{"href":"https:\/\/sefaz.ac.gov.br\/2021\/index.php?rest_route=\/wp\/v2\/posts"}],"about":[{"href":"https:\/\/sefaz.ac.gov.br\/2021\/index.php?rest_route=\/wp\/v2\/types\/post"}],"author":[{"embeddable":true,"href":"https:\/\/sefaz.ac.gov.br\/2021\/index.php?rest_route=\/wp\/v2\/users\/5"}],"replies":[{"embeddable":true,"href":"https:\/\/sefaz.ac.gov.br\/2021\/index.php?rest_route=%2Fwp%2Fv2%2Fcomments&post=12964"}],"version-history":[{"count":0,"href":"https:\/\/sefaz.ac.gov.br\/2021\/index.php?rest_route=\/wp\/v2\/posts\/12964\/revisions"}],"wp:attachment":[{"href":"https:\/\/sefaz.ac.gov.br\/2021\/index.php?rest_route=%2Fwp%2Fv2%2Fmedia&parent=12964"}],"wp:term":[{"taxonomy":"category","embeddable":true,"href":"https:\/\/sefaz.ac.gov.br\/2021\/index.php?rest_route=%2Fwp%2Fv2%2Fcategories&post=12964"},{"taxonomy":"post_tag","embeddable":true,"href":"https:\/\/sefaz.ac.gov.br\/2021\/index.php?rest_route=%2Fwp%2Fv2%2Ftags&post=12964"}],"curies":[{"name":"wp","href":"https:\/\/api.w.org\/{rel}","templated":true}]}}