{"id":12938,"date":"2009-04-30T14:48:33","date_gmt":"2009-04-30T17:48:33","guid":{"rendered":"http:\/\/sefaz.acre.gov.br:80\/2021\/?p=12938"},"modified":"2023-04-25T11:46:35","modified_gmt":"2023-04-25T14:46:35","slug":"portaria-no-163-de-30-de-abril-de-2009","status":"publish","type":"post","link":"https:\/\/sefaz.ac.gov.br\/2021\/?p=12938","title":{"rendered":"PORTARIA N\u00ba 163, DE 30 DE ABRIL DE 2009"},"content":{"rendered":"\n<p class=\"wp-block-paragraph\"><strong>O SECRET\u00c1RIO DE ESTADO DA FAZENDA, <\/strong>no uso de suas atribui\u00e7\u00f5es legais, e tendo em vista o disposto no art. 519 do Regulamento do ICMS, aprovado pelo Decreto n\u00ba 008, de 26 de janeiro de 1998.<\/p>\n\n\n\n<p class=\"wp-block-paragraph\">Considerando o disposto no Ajuste SINIEF 07, de 30 de setembro de 2005 e altera\u00e7\u00f5es e no Protocolo ICMS 10, de 18 de abril de 2007, com altera\u00e7\u00f5es introduzidas pelos Protocolos ICMS 68 e 87,&nbsp; de 4 de julho e 26 de setembro de de 2008, respectivamente,&nbsp;<\/p>\n\n\n\n<p class=\"wp-block-paragraph\">Considerando ainda, as altera\u00e7\u00f5es introduzidas no Decreto n\u00ba 2.914, de 11 de abril de 2008, pelo Decreto n\u00ba. 4.006, de 31 de mar\u00e7o de 2009,<\/p>\n\n\n\n<p class=\"wp-block-paragraph\"><strong>RESOLVE:<\/strong><\/p>\n\n\n\n<p class=\"wp-block-paragraph\">Art. 1\u00ba&nbsp; Ficam credenciados para emitir Nota Fiscal Eletr\u00f4nica, Modelo 55, em substitui\u00e7\u00e3o \u00e0 Nota Fiscal Modelo 1 ou 1-A, os estabelecimentos relacionados no Anexo \u00danico, de acordo com os prazos estabelecidos pelo Protocolo ICMS&nbsp; 10, de 18 de abril de 2007 e altera\u00e7\u00f5es posteriores.<\/p>\n\n\n\n<p class=\"wp-block-paragraph\">Art. 2\u00ba&nbsp; Os estabelecimentos dos contribuintes credenciados atrav\u00e9s desta Portaria, dever\u00e3o, em virtude de suas atividades econ\u00f4micas e, nos termos do artigo 1\u00b0 do Decreto n\u00b0 2.914,<strong> <\/strong>de 11 de abril de 2008, utilizar Nota Fiscal Eletr\u00f4nica &#8211; NF-<em>e<\/em>, modelo 55, para acobertar todas as suas opera\u00e7\u00f5es, sendo vedada, a partir da data estabelecida no Protocolo&nbsp; 10\/07, a emiss\u00e3o de Nota Fiscal, modelo 1 ou 1-A.<\/p>\n\n\n\n<p class=\"wp-block-paragraph\">Par\u00e1grafo \u00fanico.&nbsp; A emiss\u00e3o de Nota Fiscal, modelo 1 ou 1-A, ser\u00e1 considerada impr\u00f3pria para acobertar as opera\u00e7\u00f5es dos estabelecimentos, sendo pass\u00edvel de aplica\u00e7\u00e3o das penalidades previstas na legisla\u00e7\u00e3o tribut\u00e1ria.&nbsp;<\/p>\n\n\n\n<p class=\"wp-block-paragraph\">Art. 3\u00b0&nbsp; O contribuinte obrigado a emitir NF-<em>e<\/em>, modelo 55, em substitui\u00e7\u00e3o \u00e0 Nota Fiscal, modelo 1 ou 1-A, cujo estabelecimento n\u00e3o esteja relacionado no Anexo \u00danico desta Portaria, dever\u00e1 providenciar o credenciamento do seu estabelecimento, nos termos do Decreto n\u00b0 2.914,<strong> <\/strong>de 11 de abril de 2008.<\/p>\n\n\n\n<p class=\"wp-block-paragraph\">Art. 4\u00ba&nbsp; Esta Portaria entrar\u00e1 em vigor na data de sua publica\u00e7\u00e3o, com efeitos retroativos a 1\u00ba de abril de 2009. <\/p>\n\n\n\n<p class=\"wp-block-paragraph\">Rio Branco-Acre, 30 de abril de 2009.<\/p>\n","protected":false},"excerpt":{"rendered":"<p>Ficam credenciados para emitir Nota Fiscal Eletr\u00f4nica, Modelo 55, em substitui\u00e7\u00e3o \u00e0 Nota Fiscal Modelo 1 ou 1-A, os estabelecimentos relacionados no Anexo \u00danico, de acordo com os prazos estabelecidos pelo Protocolo ICMS\u00a0 10, de 18 de abril de 2007 e altera\u00e7\u00f5es posteriores.<\/p>\n","protected":false},"author":5,"featured_media":0,"comment_status":"closed","ping_status":"closed","sticky":false,"template":"","format":"standard","meta":{"_acf_changed":false,"footnotes":""},"categories":[3,33],"tags":[35],"class_list":["post-12938","post","type-post","status-publish","format-standard","hentry","category-legislacao","category-portarias","tag-icms"],"acf":[],"_links":{"self":[{"href":"https:\/\/sefaz.ac.gov.br\/2021\/index.php?rest_route=\/wp\/v2\/posts\/12938","targetHints":{"allow":["GET"]}}],"collection":[{"href":"https:\/\/sefaz.ac.gov.br\/2021\/index.php?rest_route=\/wp\/v2\/posts"}],"about":[{"href":"https:\/\/sefaz.ac.gov.br\/2021\/index.php?rest_route=\/wp\/v2\/types\/post"}],"author":[{"embeddable":true,"href":"https:\/\/sefaz.ac.gov.br\/2021\/index.php?rest_route=\/wp\/v2\/users\/5"}],"replies":[{"embeddable":true,"href":"https:\/\/sefaz.ac.gov.br\/2021\/index.php?rest_route=%2Fwp%2Fv2%2Fcomments&post=12938"}],"version-history":[{"count":0,"href":"https:\/\/sefaz.ac.gov.br\/2021\/index.php?rest_route=\/wp\/v2\/posts\/12938\/revisions"}],"wp:attachment":[{"href":"https:\/\/sefaz.ac.gov.br\/2021\/index.php?rest_route=%2Fwp%2Fv2%2Fmedia&parent=12938"}],"wp:term":[{"taxonomy":"category","embeddable":true,"href":"https:\/\/sefaz.ac.gov.br\/2021\/index.php?rest_route=%2Fwp%2Fv2%2Fcategories&post=12938"},{"taxonomy":"post_tag","embeddable":true,"href":"https:\/\/sefaz.ac.gov.br\/2021\/index.php?rest_route=%2Fwp%2Fv2%2Ftags&post=12938"}],"curies":[{"name":"wp","href":"https:\/\/api.w.org\/{rel}","templated":true}]}}