{"id":12934,"date":"2009-04-02T14:45:21","date_gmt":"2009-04-02T17:45:21","guid":{"rendered":"http:\/\/sefaz.acre.gov.br:80\/2021\/?p=12934"},"modified":"2023-04-25T11:45:15","modified_gmt":"2023-04-25T14:45:15","slug":"portaria-no-138-de-02-de-abril-de-2009","status":"publish","type":"post","link":"https:\/\/sefaz.ac.gov.br\/2021\/?p=12934","title":{"rendered":"PORTARIA N\u00ba 138, DE 02 DE ABRIL DE 2009"},"content":{"rendered":"\n<p class=\"wp-block-paragraph\"><strong>O SECRET\u00c1RIO DE ESTADO DA FAZENDA, <\/strong>no uso de suas atribui\u00e7\u00f5es legais, e tendo em vista o disposto no art. 519 do Regulamento do ICMS, aprovado pelo Decreto n\u00ba 008, de 26 de janeiro de 1998.<\/p>\n\n\n\n<p class=\"wp-block-paragraph\">Considerando que os estabelecimentos relacionados no Anexo \u00danico desta Portaria n\u00e3o s\u00e3o fornecedores de energia el\u00e9trica em ambiente de contrata\u00e7\u00e3o livre (ACL) a consumidor final,<\/p>\n\n\n\n<p class=\"wp-block-paragraph\"><strong>R E S O L V E<\/strong>:<\/p>\n\n\n\n<p class=\"wp-block-paragraph\">Art. 1\u00ba Ficam descredenciados da obrigatoriedade de emiss\u00e3o de Nota Fiscal Eletr\u00f4nica \u2013 NF-<em>e<\/em>, modelo 55,&nbsp; de que trata o inc. II, al\u00ednea \u201cg\u201d do Anexo \u00danico da Portaria n\u00ba 555, de 28 de novembro de 2008,&nbsp; os contribuintes relacionados no Anexo \u00danico desta Portaria.<\/p>\n\n\n\n<p class=\"wp-block-paragraph\">Art. 2\u00ba&nbsp; Esta Portaria entrar\u00e1 em vigor na data de sua publica\u00e7\u00e3o, com efeitos retroativos a 1\u00ba de dezembro de 2008.<\/p>\n\n\n\n<p class=\"wp-block-paragraph\">Registre-se, Publique-se, Cumpra-se.<\/p>\n\n\n\n<p class=\"wp-block-paragraph\">Rio Branco-Acre, 02 de abril de 2009.<\/p>\n","protected":false},"excerpt":{"rendered":"<p>Ficam descredenciados da obrigatoriedade de emiss\u00e3o de Nota Fiscal Eletr\u00f4nica \u2013 NF-e, modelo 55,\u00a0 de que trata o inc. II, al\u00ednea \u201cg\u201d do Anexo \u00danico da Portaria n\u00ba 555, de 28 de novembro de 2008.<\/p>\n","protected":false},"author":5,"featured_media":0,"comment_status":"closed","ping_status":"closed","sticky":false,"template":"","format":"standard","meta":{"_acf_changed":false,"footnotes":""},"categories":[3,33],"tags":[35],"class_list":["post-12934","post","type-post","status-publish","format-standard","hentry","category-legislacao","category-portarias","tag-icms"],"acf":[],"_links":{"self":[{"href":"https:\/\/sefaz.ac.gov.br\/2021\/index.php?rest_route=\/wp\/v2\/posts\/12934","targetHints":{"allow":["GET"]}}],"collection":[{"href":"https:\/\/sefaz.ac.gov.br\/2021\/index.php?rest_route=\/wp\/v2\/posts"}],"about":[{"href":"https:\/\/sefaz.ac.gov.br\/2021\/index.php?rest_route=\/wp\/v2\/types\/post"}],"author":[{"embeddable":true,"href":"https:\/\/sefaz.ac.gov.br\/2021\/index.php?rest_route=\/wp\/v2\/users\/5"}],"replies":[{"embeddable":true,"href":"https:\/\/sefaz.ac.gov.br\/2021\/index.php?rest_route=%2Fwp%2Fv2%2Fcomments&post=12934"}],"version-history":[{"count":0,"href":"https:\/\/sefaz.ac.gov.br\/2021\/index.php?rest_route=\/wp\/v2\/posts\/12934\/revisions"}],"wp:attachment":[{"href":"https:\/\/sefaz.ac.gov.br\/2021\/index.php?rest_route=%2Fwp%2Fv2%2Fmedia&parent=12934"}],"wp:term":[{"taxonomy":"category","embeddable":true,"href":"https:\/\/sefaz.ac.gov.br\/2021\/index.php?rest_route=%2Fwp%2Fv2%2Fcategories&post=12934"},{"taxonomy":"post_tag","embeddable":true,"href":"https:\/\/sefaz.ac.gov.br\/2021\/index.php?rest_route=%2Fwp%2Fv2%2Ftags&post=12934"}],"curies":[{"name":"wp","href":"https:\/\/api.w.org\/{rel}","templated":true}]}}