{"id":12870,"date":"2008-12-29T12:46:08","date_gmt":"2008-12-29T14:46:08","guid":{"rendered":"http:\/\/sefaz.acre.gov.br:80\/2021\/?p=12870"},"modified":"2023-04-25T11:39:08","modified_gmt":"2023-04-25T14:39:08","slug":"portaria-no-590-de-29-de-dezembro-de-2008","status":"publish","type":"post","link":"https:\/\/sefaz.ac.gov.br\/2021\/?p=12870","title":{"rendered":"PORTARIA N\u00ba 590, DE 29 DE DEZEMBRO DE 2008"},"content":{"rendered":"\n<p class=\"wp-block-paragraph\"><strong>O SECRET\u00c1RIO DE ESTADO DA FAZENDA<\/strong>, no uso de suas atribui\u00e7\u00f5es legais definidas no Decreto n\u00ba 183, de 6 de outubro de 1975,<\/p>\n\n\n\n<p class=\"wp-block-paragraph\">Considerando pesquisas de pre\u00e7os de fretes realizadas para apura\u00e7\u00e3o do valor corrente das presta\u00e7\u00f5es de servi\u00e7o de transporte rodovi\u00e1rio intermunicipal e interestadual no mercado acreano.<\/p>\n\n\n\n<p class=\"wp-block-paragraph\"><strong>R E S O L V E<\/strong>:<\/p>\n\n\n\n<p class=\"wp-block-paragraph\">Art. 1\u00ba&nbsp; Estabelecer pauta de pre\u00e7os m\u00ednimos, cujos valores servir\u00e3o de base de c\u00e1lculo para efeito de cobran\u00e7a do ICMS incidente nas presta\u00e7\u00f5es de servi\u00e7os de transporte intermunicipal e interestadual rodovi\u00e1rio de carga:<\/p>\n\n\n\n<p class=\"wp-block-paragraph\">I &#8211; realizadas por transportadores aut\u00f4nomos;<\/p>\n\n\n\n<p class=\"wp-block-paragraph\">II &#8211; em ve\u00edculos de empresas transportadoras n\u00e3o-inscritas neste Estado;<\/p>\n\n\n\n<p class=\"wp-block-paragraph\">III &#8211; nas hip\u00f3teses de aus\u00eancia ou de inidoneidade do documento fiscal exig\u00edvel na presta\u00e7\u00e3o;<\/p>\n\n\n\n<p class=\"wp-block-paragraph\">IV &#8211; nas situa\u00e7\u00f5es em que n\u00e3o for aplic\u00e1vel ao frete o regime de substitui\u00e7\u00e3o tribut\u00e1ria.<\/p>\n\n\n\n<p class=\"wp-block-paragraph\">Art. 2\u00ba&nbsp; A base de c\u00e1lculo para cobran\u00e7a do ICMS incidente nas presta\u00e7\u00f5es a que se refere o artigo anterior ser\u00e1 o resultado da multiplica\u00e7\u00e3o do peso total das mercadorias pelo valor estabelecido no Anexo \u00danico, em fun\u00e7\u00e3o da dist\u00e2ncia a ser percorrida.<\/p>\n\n\n\n<p class=\"wp-block-paragraph\">Art. 3\u00ba &nbsp;Quando o valor pago pelo transporte rodovi\u00e1rio de carga for superior ao respectivo valor constante do Anexo \u00danico desta Portaria, a base de c\u00e1lculo do imposto ser\u00e1 o pre\u00e7o do servi\u00e7o, nos termos do art. 5\u00ba, inc. VI do RICMS, aprovado pelo Decreto n\u00ba 008, de 26 de janeiro de 1998.<\/p>\n\n\n\n<p class=\"wp-block-paragraph\">Art. 4\u00b0&nbsp;&nbsp; Esta Portaria entrar\u00e1 em vigor noventa dias ap\u00f3s a data de sua publica\u00e7\u00e3o.<\/p>\n\n\n\n<p class=\"wp-block-paragraph\">Registre-se, Publique-se e Cumpra-se.<\/p>\n\n\n\n<p class=\"wp-block-paragraph\">Rio Branco-Acre, 29 de dezembro de 2008.<\/p>\n","protected":false},"excerpt":{"rendered":"<p>Estabelece pauta de valores m\u00ednimos para presta\u00e7\u00e3o de servi\u00e7o de transporte intermunicipal e interestadual.<\/p>\n","protected":false},"author":5,"featured_media":0,"comment_status":"closed","ping_status":"closed","sticky":false,"template":"","format":"standard","meta":{"_acf_changed":false,"footnotes":""},"categories":[3,33],"tags":[35],"class_list":["post-12870","post","type-post","status-publish","format-standard","hentry","category-legislacao","category-portarias","tag-icms"],"acf":[],"_links":{"self":[{"href":"https:\/\/sefaz.ac.gov.br\/2021\/index.php?rest_route=\/wp\/v2\/posts\/12870","targetHints":{"allow":["GET"]}}],"collection":[{"href":"https:\/\/sefaz.ac.gov.br\/2021\/index.php?rest_route=\/wp\/v2\/posts"}],"about":[{"href":"https:\/\/sefaz.ac.gov.br\/2021\/index.php?rest_route=\/wp\/v2\/types\/post"}],"author":[{"embeddable":true,"href":"https:\/\/sefaz.ac.gov.br\/2021\/index.php?rest_route=\/wp\/v2\/users\/5"}],"replies":[{"embeddable":true,"href":"https:\/\/sefaz.ac.gov.br\/2021\/index.php?rest_route=%2Fwp%2Fv2%2Fcomments&post=12870"}],"version-history":[{"count":0,"href":"https:\/\/sefaz.ac.gov.br\/2021\/index.php?rest_route=\/wp\/v2\/posts\/12870\/revisions"}],"wp:attachment":[{"href":"https:\/\/sefaz.ac.gov.br\/2021\/index.php?rest_route=%2Fwp%2Fv2%2Fmedia&parent=12870"}],"wp:term":[{"taxonomy":"category","embeddable":true,"href":"https:\/\/sefaz.ac.gov.br\/2021\/index.php?rest_route=%2Fwp%2Fv2%2Fcategories&post=12870"},{"taxonomy":"post_tag","embeddable":true,"href":"https:\/\/sefaz.ac.gov.br\/2021\/index.php?rest_route=%2Fwp%2Fv2%2Ftags&post=12870"}],"curies":[{"name":"wp","href":"https:\/\/api.w.org\/{rel}","templated":true}]}}