{"id":12864,"date":"2008-07-22T12:40:06","date_gmt":"2008-07-22T15:40:06","guid":{"rendered":"http:\/\/sefaz.acre.gov.br:80\/2021\/?p=12864"},"modified":"2023-04-25T11:23:22","modified_gmt":"2023-04-25T14:23:22","slug":"portaria-no-344-de-22-de-julho-de-2008","status":"publish","type":"post","link":"https:\/\/sefaz.ac.gov.br\/2021\/?p=12864","title":{"rendered":"PORTARIA N\u00ba 344, DE 22 DE JULHO DE 2008"},"content":{"rendered":"\n<p class=\"wp-block-paragraph\"><strong>O SECRET\u00c1RIO ADJUNTO DA ADMINISTRA\u00c7\u00c3O FINANCEIRA<\/strong>, no uso das atribui\u00e7\u00f5es que lhe foram conferidas atrav\u00e9s da Portaria n\u00b0 112, de 19 de abril de 2007,<\/p>\n\n\n\n<p class=\"wp-block-paragraph\"><strong>CONSIDERANDO<\/strong> o disposto no Par\u00e1grafo \u00danico do Art. 4 do Decreto 6.854, de 30 de dezembro de 2002, que disp\u00f5e sobre a concess\u00e3o de di\u00e1rias para servidores da Administra\u00e7\u00e3o Direta, das Autarquias e Funda\u00e7\u00f5es P\u00fablicas Estaduais e d\u00e1 outras provid\u00eancias,<\/p>\n\n\n\n<p class=\"wp-block-paragraph\"><strong>R E S O L V E:<\/strong><\/p>\n\n\n\n<p class=\"wp-block-paragraph\">Art. 1\u00ba&nbsp; Fixar como par\u00e2metro de ressarcimento de despesas com alimenta\u00e7\u00e3o e transporte o montante correspondente a \u00bc do valor da di\u00e1ria da categoria do servidor estabelecida no Anexo I do Decreto supracitado, com as altera\u00e7\u00f5es do Decreto 3.213, de 9 de julho de 2008.<\/p>\n\n\n\n<p class=\"wp-block-paragraph\">Art. 2\u00ba  Esta Portaria entrar\u00e1 em vigor na data de sua publica\u00e7\u00e3o, com efeitos a contar de 1\u00ba de julho de 2008.<\/p>\n\n\n\n<p class=\"wp-block-paragraph\">D\u00ea-se Ci\u00eancia, Publique-se e Cumpra-se.<\/p>\n\n\n\n<p class=\"wp-block-paragraph\">Rio Branco-Acre, 22 de julho de 2008.<\/p>\n","protected":false},"excerpt":{"rendered":"<p>Fixar como par\u00e2metro de ressarcimento de despesas com alimenta\u00e7\u00e3o e transporte o montante correspondente a \u00bc do valor da di\u00e1ria da categoria do servidor estabelecida no Anexo I do Decreto supracitado, com as altera\u00e7\u00f5es do Decreto 3.213, de 9 de julho de 2008.<\/p>\n","protected":false},"author":5,"featured_media":0,"comment_status":"closed","ping_status":"closed","sticky":false,"template":"","format":"standard","meta":{"_acf_changed":false,"footnotes":""},"categories":[3,33],"tags":[73],"class_list":["post-12864","post","type-post","status-publish","format-standard","hentry","category-legislacao","category-portarias","tag-legislacao-institucional-e-funcional"],"acf":[],"_links":{"self":[{"href":"https:\/\/sefaz.ac.gov.br\/2021\/index.php?rest_route=\/wp\/v2\/posts\/12864","targetHints":{"allow":["GET"]}}],"collection":[{"href":"https:\/\/sefaz.ac.gov.br\/2021\/index.php?rest_route=\/wp\/v2\/posts"}],"about":[{"href":"https:\/\/sefaz.ac.gov.br\/2021\/index.php?rest_route=\/wp\/v2\/types\/post"}],"author":[{"embeddable":true,"href":"https:\/\/sefaz.ac.gov.br\/2021\/index.php?rest_route=\/wp\/v2\/users\/5"}],"replies":[{"embeddable":true,"href":"https:\/\/sefaz.ac.gov.br\/2021\/index.php?rest_route=%2Fwp%2Fv2%2Fcomments&post=12864"}],"version-history":[{"count":0,"href":"https:\/\/sefaz.ac.gov.br\/2021\/index.php?rest_route=\/wp\/v2\/posts\/12864\/revisions"}],"wp:attachment":[{"href":"https:\/\/sefaz.ac.gov.br\/2021\/index.php?rest_route=%2Fwp%2Fv2%2Fmedia&parent=12864"}],"wp:term":[{"taxonomy":"category","embeddable":true,"href":"https:\/\/sefaz.ac.gov.br\/2021\/index.php?rest_route=%2Fwp%2Fv2%2Fcategories&post=12864"},{"taxonomy":"post_tag","embeddable":true,"href":"https:\/\/sefaz.ac.gov.br\/2021\/index.php?rest_route=%2Fwp%2Fv2%2Ftags&post=12864"}],"curies":[{"name":"wp","href":"https:\/\/api.w.org\/{rel}","templated":true}]}}