{"id":12821,"date":"2008-12-31T12:25:28","date_gmt":"2008-12-31T14:25:28","guid":{"rendered":"http:\/\/sefaz.acre.gov.br:80\/2021\/?p=12821"},"modified":"2023-04-25T11:40:25","modified_gmt":"2023-04-25T14:40:25","slug":"portaria-no-578-de-17-de-dezembro-de-2008","status":"publish","type":"post","link":"https:\/\/sefaz.ac.gov.br\/2021\/?p=12821","title":{"rendered":"PORTARIA N\u00ba 578, DE 17 DE DEZEMBRO DE 2008"},"content":{"rendered":"\n<p class=\"wp-block-paragraph\"><strong>O &nbsp;SECRET\u00c1RIO &nbsp;DE &nbsp;ESTADO &nbsp;DA &nbsp;FAZENDA<\/strong>, &nbsp;no &nbsp;uso &nbsp;de &nbsp;suas atribui\u00e7\u00f5es legais, e nos termos da Lei Complementar n\u00b0 114, de 30 de dezembro de 2002,<\/p>\n\n\n\n<p class=\"wp-block-paragraph\"><strong>R E S O L V E:<\/strong><\/p>\n\n\n\n<p class=\"wp-block-paragraph\">Art. 1\u00b0 Aprovar os valores de base de c\u00e1lculo para lan\u00e7amento do Imposto sobre a Propriedade de Ve\u00edculos Automotores \u2013 IPVA, referente ao exerc\u00edcio de 2009, conforme tabela anexa a esta Portaria.<\/p>\n\n\n\n<p class=\"wp-block-paragraph\">Art. 2\u00b0 O imposto a ser recolhido ser\u00e1 o resultante da aplica\u00e7\u00e3o da al\u00edquota prevista no art. 4\u00b0 da Lei Complementar n\u00b0 114, de 30 de dezembro de 2002, sobre a base de c\u00e1lculo constante na tabela de que trata o artigo 1\u00b0 desta Portaria, correspondente a cada tipo de ve\u00edculo.<\/p>\n\n\n\n<p class=\"wp-block-paragraph\">Art. 3\u00b0 O pagamento anual do Imposto sobre a Propriedade de Ve\u00edculos Automotores \u2013 IPVA, poder\u00e1 ser efetuado em cota \u00fanica, ou em tr\u00eas parcelas, de acordo com o algarismo final da placa na forma da tabela a seguir:<\/p>\n\n\n\n<figure class=\"wp-block-table\"><table><tbody><tr><td><strong>Ve\u00edculos com final de placa<\/strong><\/td><td><strong>Vencimento da cota<\/strong>&nbsp;<strong>\u00fanica ou 1\u00b0 cota<\/strong><\/td><td><strong>Vencimento da 2\u00b0 cota<\/strong><\/td><td><strong>Vencimento da 3\u00b0 cota<\/strong><\/td><\/tr><tr><td><strong>1 e 2<\/strong><\/td><td><strong>30\/01<\/strong><\/td><td><strong>27\/02<\/strong><\/td><td><strong>31\/03<\/strong><\/td><\/tr><tr><td><strong>3 e 4<\/strong><\/td><td><strong>27\/02<\/strong><\/td><td><strong>31\/03<\/strong><\/td><td><strong>30\/04<\/strong><\/td><\/tr><tr><td><strong>5<\/strong><\/td><td><strong>31\/03<\/strong><\/td><td><strong>30\/04<\/strong><\/td><td><strong>29\/05<\/strong><\/td><\/tr><tr><td><strong>6<\/strong><\/td><td><strong>30\/04<\/strong><\/td><td><strong>29\/05<\/strong><\/td><td><strong>30\/06<\/strong><\/td><\/tr><tr><td><strong>7<\/strong><\/td><td><strong>29\/05<\/strong><\/td><td><strong>30\/06<\/strong><\/td><td><strong>31\/07<\/strong><\/td><\/tr><tr><td><strong>8<\/strong><\/td><td><strong>30\/06<\/strong><\/td><td><strong>31\/07<\/strong><\/td><td><strong>31\/08<\/strong><\/td><\/tr><tr><td><strong>9<\/strong><\/td><td><strong>31\/07<\/strong><\/td><td><strong>31\/08<\/strong><\/td><td><strong>30\/09<\/strong><\/td><\/tr><tr><td><strong>0<\/strong><\/td><td><strong>31\/08<\/strong><\/td><td><strong>30\/09<\/strong><\/td><td><strong>30\/10<\/strong><\/td><\/tr><\/tbody><\/table><\/figure>\n\n\n\n<p class=\"wp-block-paragraph\">\u00a7 1\u00b0&nbsp; &nbsp;O pagamento do imposto em cota \u00fanica, at\u00e9 o vencimento, ter\u00e1 redu\u00e7\u00e3o de 10% (dez por cento).<\/p>\n\n\n\n<p class=\"wp-block-paragraph\">\u00a7 2\u00b0 Em caso de parcelamento, o valor de cada parcela obedecer\u00b7 os seguintes crit\u00e9rios:<\/p>\n\n\n\n<p class=\"wp-block-paragraph\">I \u2013 &nbsp;1\u00b0 &nbsp;parcela &nbsp;correspondente &nbsp;a &nbsp;33,34% &nbsp;(trinta &nbsp;e &nbsp;tr\u00eas &nbsp;inteiros &nbsp;e &nbsp;trinta &nbsp;e quatro cent\u00e9simos por cento) do valor do imposto.<\/p>\n\n\n\n<p class=\"wp-block-paragraph\">II \u2013&nbsp; &nbsp;2\u00b0&nbsp; &nbsp;e &nbsp;3\u00b0 parcelas &nbsp;correspondentes &nbsp;a 33,33% (trinta e tr\u00eas &nbsp;inteiros e trinta e tr\u00eas cent\u00e9simos por cento) do valor do imposto, respectivamente.<\/p>\n\n\n\n<p class=\"wp-block-paragraph\">\u00a7 3\u00b0 A parcela n\u00e3o poder\u00e1 ser inferior a R$ 20,00 (vinte reais).<\/p>\n\n\n\n<p class=\"wp-block-paragraph\">Art. 4\u00b0 A Secretaria de Estado da Fazenda e Gest\u00e3o P\u00fablica remeter\u00e1 aos propriet\u00e1rios de ve\u00edculos automotores, a Notifica\u00e7\u00e3o Fiscal e o Documento de Arrecada\u00e7\u00e3o Estadual-DAE devidamente preenchido, inclusive com data prefixada para o pagamento.<\/p>\n\n\n\n<p class=\"wp-block-paragraph\">Paragrafo \u00fanico. Se o propriet\u00e1rio do ve\u00edculo n\u00e3o receber a Notifica\u00e7\u00e3o Fiscal e o Documento de Arrecada\u00e7\u00e3o Estadual-DAE at\u00e9 a data prevista para o pagamento do IPVA, dever\u00e1 procurar o Posto Fiscal do IPVA no Departamento Estadual de Transito do Acre \u2013 DETRAN-AC ou no \u00d3rg\u00e3o Fazend\u00e1rio do seu Munic\u00edpio.<\/p>\n\n\n\n<p class=\"wp-block-paragraph\">Art. 5\u00b0 Esta Portaria entrar\u00e1 em vigor na data de sua publica\u00e7\u00e3o, produzindo seus efeitos a partir do dia 1\u00b0 de janeiro de 2009.<\/p>\n\n\n\n<p class=\"wp-block-paragraph\">Registre-se, Publique-se e Cumpra-se.<\/p>\n\n\n\n<p class=\"wp-block-paragraph\">Rio Branco-Acre, 21 de dezembro de 2007.<\/p>\n","protected":false},"excerpt":{"rendered":"<p>Aprova a tabela de valores de base de c\u00e1lculo e estabelece prazo para pagamento do IPVA referente ao exerc\u00edcio de 2009. <\/p>\n","protected":false},"author":5,"featured_media":0,"comment_status":"closed","ping_status":"closed","sticky":false,"template":"","format":"standard","meta":{"_acf_changed":false,"footnotes":""},"categories":[3,33],"tags":[29],"class_list":["post-12821","post","type-post","status-publish","format-standard","hentry","category-legislacao","category-portarias","tag-ipva"],"acf":[],"_links":{"self":[{"href":"https:\/\/sefaz.ac.gov.br\/2021\/index.php?rest_route=\/wp\/v2\/posts\/12821","targetHints":{"allow":["GET"]}}],"collection":[{"href":"https:\/\/sefaz.ac.gov.br\/2021\/index.php?rest_route=\/wp\/v2\/posts"}],"about":[{"href":"https:\/\/sefaz.ac.gov.br\/2021\/index.php?rest_route=\/wp\/v2\/types\/post"}],"author":[{"embeddable":true,"href":"https:\/\/sefaz.ac.gov.br\/2021\/index.php?rest_route=\/wp\/v2\/users\/5"}],"replies":[{"embeddable":true,"href":"https:\/\/sefaz.ac.gov.br\/2021\/index.php?rest_route=%2Fwp%2Fv2%2Fcomments&post=12821"}],"version-history":[{"count":0,"href":"https:\/\/sefaz.ac.gov.br\/2021\/index.php?rest_route=\/wp\/v2\/posts\/12821\/revisions"}],"wp:attachment":[{"href":"https:\/\/sefaz.ac.gov.br\/2021\/index.php?rest_route=%2Fwp%2Fv2%2Fmedia&parent=12821"}],"wp:term":[{"taxonomy":"category","embeddable":true,"href":"https:\/\/sefaz.ac.gov.br\/2021\/index.php?rest_route=%2Fwp%2Fv2%2Fcategories&post=12821"},{"taxonomy":"post_tag","embeddable":true,"href":"https:\/\/sefaz.ac.gov.br\/2021\/index.php?rest_route=%2Fwp%2Fv2%2Ftags&post=12821"}],"curies":[{"name":"wp","href":"https:\/\/api.w.org\/{rel}","templated":true}]}}