{"id":12766,"date":"2007-08-10T10:43:45","date_gmt":"2007-08-10T13:43:45","guid":{"rendered":"http:\/\/sefaz.acre.gov.br:80\/2021\/?p=12766"},"modified":"2023-04-25T10:51:08","modified_gmt":"2023-04-25T13:51:08","slug":"portaria-no-285-de-10-de-agosto-de-2007","status":"publish","type":"post","link":"https:\/\/sefaz.ac.gov.br\/2021\/?p=12766","title":{"rendered":"PORTARIA N\u00ba 285, DE 10 DE AGOSTO DE 2007"},"content":{"rendered":"\n<p class=\"wp-block-paragraph\"><strong>O SECRET\u00c1RIO DE ESTADO DA FAZENDA E GEST\u00c3O P\u00daBLICA<\/strong>, no uso das atribui\u00e7\u00f5es legais,<\/p>\n\n\n\n<p class=\"wp-block-paragraph\"><strong>CONSIDERANDO<\/strong> que v\u00e1rias unidades da federa\u00e7\u00e3o, com fundamento em suas legisla\u00e7\u00f5es, continuam praticando carga tribut\u00e1ria equivalente a 12% (doze por cento), nas opera\u00e7\u00f5es internas com ve\u00edculos automotores novos de duas e quatro rodas;<\/p>\n\n\n\n<p class=\"wp-block-paragraph\"><strong>CONSIDERANDO<\/strong> que a utiliza\u00e7\u00e3o da carga tribut\u00e1ria favorecida implica o deslocamento da procura pelos consumidores para as unidades da Federa\u00e7\u00e3o que a concede, provocando preju\u00edzo para o mercado local e, consequentemente, para o Fisco Estadual.<\/p>\n\n\n\n<p class=\"wp-block-paragraph\"><strong>RESOLVE:<\/strong><\/p>\n\n\n\n<p class=\"wp-block-paragraph\">Art. 1\u00ba Fica reduzida a base de c\u00e1lculo do Imposto sobre Opera\u00e7\u00f5es Relativas \u00e0 Circula\u00e7\u00e3o de Mercadorias e sobre Presta\u00e7\u00e3o de Servi\u00e7os de Transportes Interestadual e Intermunicipal e de Comunica\u00e7\u00e3o \u2013 ICMS nas opera\u00e7\u00f5es internas com ve\u00edculos automotores novos, constantes no Anexo \u00danico a esta Portaria e com ve\u00edculos novos de duas rodas motorizados, classificados na posi\u00e7\u00e3o 8711 da Nomenclatura Comum do Mercosul\/Sistema Harmonizado &#8211; NCM\/SH, de forma que a sua aplica\u00e7\u00e3o resulte numa carga tribut\u00e1ria de 12% (doze por cento).<\/p>\n\n\n\n<p class=\"wp-block-paragraph\">\u00a7 1\u00ba &nbsp;A redu\u00e7\u00e3o prevista neste artigo aplica-se, tamb\u00e9m:<\/p>\n\n\n\n<p class=\"wp-block-paragraph\">I &#8211; nas opera\u00e7\u00f5es com ve\u00edculos automotores novos importados;<\/p>\n\n\n\n<p class=\"has-text-color wp-block-paragraph\" style=\"color:#f02b2b\">II.&nbsp; Revogado pela Portaria n\u00ba 351, de 1\u00ba de junho de 2012. Efeitos a partir de 30 de agosto de 2012.<\/p>\n\n\n\n<blockquote class=\"wp-block-quote is-layout-flow wp-block-quote-is-layout-flow\">\n<p class=\"has-text-color wp-block-paragraph\" style=\"color:#08b418\">Reda\u00e7\u00e3o original. Efeitos at\u00e9 29 de agosto 2012.<\/p>\n\n\n\n<p class=\"has-text-color wp-block-paragraph\" style=\"color:#08b418\">II &#8211; nas opera\u00e7\u00f5es interestaduais destinando os referidos ve\u00edculos a n\u00e3o-contribuintes do imposto;<\/p>\n<\/blockquote>\n\n\n\n<p class=\"wp-block-paragraph\">III &#8211; nas opera\u00e7\u00f5es com semi-reboque para transporte rodovi\u00e1rio de cargas em geral, classificado na NCM\/SH no c\u00f3digo 8716.39.00, com semi-reboque para transporte rodovi\u00e1rio de cargas indivis\u00edveis, classificado na NCM\/SH no c\u00f3digo 8716.40.00, e com eixos, exceto de transmiss\u00e3o, e suas partes, classificados na NCM\/SH nos c\u00f3digos 8708.60.10 e 8708.60.90;<\/p>\n\n\n\n<p class=\"wp-block-paragraph\">IV &#8211; nas opera\u00e7\u00f5es com tratores e m\u00e1quinas pesadas, com \u201cbuldozers\u201d e \u201cangledozers\u201d, motoniveladores articulados, compactadores, carregadoras, escavadeiras, e outras p\u00e1s mec\u00e2nicas, escavadores, carregadoras, e outros, classificados na NCM\/SH nos c\u00f3digos 8429.11.10 a 8429.59.00 e 8430.10.00;<\/p>\n\n\n\n<p class=\"has-text-color wp-block-paragraph\" style=\"color:#f02b2b\">Inciso V. Revogado pela Portaria n\u00ba 351, de 1\u00ba de junho de 2012. Efeitos a partir de 30 de agosto de 2012.<\/p>\n\n\n\n<blockquote class=\"wp-block-quote is-layout-flow wp-block-quote-is-layout-flow\">\n<p class=\"has-text-color wp-block-paragraph\" style=\"color:#08b418\">Reda\u00e7\u00e3o original. Efeitos at\u00e9 29 de agosto 2012.<\/p>\n\n\n\n<p class=\"has-text-color wp-block-paragraph\" style=\"color:#08b418\">V- nas opera\u00e7\u00f5es destinadas a contribuinte do imposto, inclusive transportador aut\u00f4nomo, para compor o seu ativo fixo.<\/p>\n<\/blockquote>\n\n\n\n<p class=\"wp-block-paragraph\">\u00a7 2\u00ba Os benef\u00edcios fiscais previstos neste artigo ficam condicionados \u00e0 manifesta\u00e7\u00e3o expressa do contribuinte substitu\u00eddo de que concorda com a aplica\u00e7\u00e3o do regime de substitui\u00e7\u00e3o tributaria, mediante celebra\u00e7\u00e3o de Termo de Acordo, no qual ser\u00e3o estabelecidas as condi\u00e7\u00f5es para a operacionaliza\u00e7\u00e3o dessa sistem\u00e1tica de tributa\u00e7\u00e3o, especialmente quanto \u00e0 fixa\u00e7\u00e3o da base de c\u00e1lculo.<\/p>\n\n\n\n<p class=\"wp-block-paragraph\">\u00a7 3\u00ba&nbsp; O benef\u00edcio fiscal previsto neste artigo fica condicionado, ainda, a que o contribuinte substitu\u00eddo n\u00e3o utilize&nbsp; qualquer cr\u00e9dito fiscal para compensa\u00e7\u00e3o de imposto, sob a alega\u00e7\u00e3o de diferen\u00e7a entre o pre\u00e7o fixado como base de c\u00e1lculo para reten\u00e7\u00e3o ou recolhimento do imposto e o pre\u00e7o efetivamente praticado no mercado.<\/p>\n\n\n\n<p class=\"has-text-color wp-block-paragraph\" style=\"color:#f02b2b\">Acrescentado o \u00a7 3\u00ba-A, pela Portaria n\u00ba 440, de 17 de junho de 2019. Efeitos a partir de 24 de junho de 2019.<\/p>\n\n\n\n<p class=\"wp-block-paragraph\">\u00a7 3\u00ba-A. &nbsp;Quando o produto de que trata esta Portaria n\u00e3o se sujeitar ao regime de substitui\u00e7\u00e3o tribut\u00e1ria, os benef\u00edcios previstos neste artigo ficam condicionados a:<\/p>\n\n\n\n<p class=\"wp-block-paragraph\">I &#8211; regular inscri\u00e7\u00e3o estadual do sujeito passivo com atividade de com\u00e9rcio de ve\u00edculos ou m\u00e1quinas pesadas.<\/p>\n\n\n\n<p class=\"wp-block-paragraph\">II &#8211; escritura\u00e7\u00e3o da entrada no estabelecimento acreano do ve\u00edculo beneficiado com cr\u00e9dito do imposto n\u00e3o superior a:<\/p>\n\n\n\n<p class=\"wp-block-paragraph\">a) 7% (sete por cento), se produzido nos Estados das regi\u00f5es Sul e Sudeste, exceto o Esp\u00edrito Santo;<\/p>\n\n\n\n<p class=\"wp-block-paragraph\">b) 12% (doze por cento), se produzido nos Estados das Regi\u00f5es Norte, Nordeste, Centro-Oeste ou do Esp\u00edrito Santo.<\/p>\n\n\n\n<p class=\"wp-block-paragraph\">\u00a7 4\u00ba&nbsp; N\u00e3o se exige o estorno proporcional do cr\u00e9dito do imposto, previsto no art. 48 do Decreto n.\u00ba 008,&nbsp; de 26 de janeiro de 1998.<\/p>\n\n\n\n<p class=\"wp-block-paragraph\">\u00a7 5\u00ba N\u00e3o ocorrendo a reten\u00e7\u00e3o do ICMS pelo remetente, o imposto dever\u00e1 ser pago antes do licenciamento do ve\u00edculo, mediante a utiliza\u00e7\u00e3o de Documento de Arrecada\u00e7\u00e3o Estadual &#8211; DAE.<\/p>\n\n\n\n<p class=\"wp-block-paragraph\">&nbsp;&nbsp;&nbsp;&nbsp;&nbsp;&nbsp;&nbsp;&nbsp; Art. 2\u00ba&nbsp; Ficam convalidados os atos praticados durante a vig\u00eancia das Portarias n\u00ba 115, de 2002, 293, de 2002, e 004, de 2003.<\/p>\n\n\n\n<p class=\"wp-block-paragraph\">Art. 3\u00ba&nbsp; Ficam revogadas as Portarias n\u00ba 115, de 15 de abril de 2002, n\u00ba 293, de 23 de outubro de 2002 e n\u00ba 004, de 9 de janeiro de 2003, e respectivas altera\u00e7\u00f5es.<\/p>\n\n\n\n<p class=\"wp-block-paragraph\">Art. 4\u00ba&nbsp; Esta Portaria entra em vigor na data de sua publica\u00e7\u00e3o.<strong>&nbsp;&nbsp;<\/strong><\/p>\n\n\n\n<p class=\"wp-block-paragraph\">Registre-se, Publique-se e Cumpra-se.<\/p>\n\n\n\n<p class=\"wp-block-paragraph\">Rio Branco &#8211; Acre, 10 de agosto de 2007.<\/p>\n","protected":false},"excerpt":{"rendered":"<p>Fica reduzida a base de c\u00e1lculo do Imposto sobre Opera\u00e7\u00f5es Relativas \u00e0 Circula\u00e7\u00e3o de Mercadorias e sobre Presta\u00e7\u00e3o de Servi\u00e7os de Transportes Interestadual e Intermunicipal e de Comunica\u00e7\u00e3o \u2013 ICMS nas opera\u00e7\u00f5es internas com ve\u00edculos automotores novos.<\/p>\n","protected":false},"author":5,"featured_media":0,"comment_status":"closed","ping_status":"closed","sticky":false,"template":"","format":"standard","meta":{"_acf_changed":false,"footnotes":""},"categories":[3,33],"tags":[35],"class_list":["post-12766","post","type-post","status-publish","format-standard","hentry","category-legislacao","category-portarias","tag-icms"],"acf":[],"_links":{"self":[{"href":"https:\/\/sefaz.ac.gov.br\/2021\/index.php?rest_route=\/wp\/v2\/posts\/12766","targetHints":{"allow":["GET"]}}],"collection":[{"href":"https:\/\/sefaz.ac.gov.br\/2021\/index.php?rest_route=\/wp\/v2\/posts"}],"about":[{"href":"https:\/\/sefaz.ac.gov.br\/2021\/index.php?rest_route=\/wp\/v2\/types\/post"}],"author":[{"embeddable":true,"href":"https:\/\/sefaz.ac.gov.br\/2021\/index.php?rest_route=\/wp\/v2\/users\/5"}],"replies":[{"embeddable":true,"href":"https:\/\/sefaz.ac.gov.br\/2021\/index.php?rest_route=%2Fwp%2Fv2%2Fcomments&post=12766"}],"version-history":[{"count":0,"href":"https:\/\/sefaz.ac.gov.br\/2021\/index.php?rest_route=\/wp\/v2\/posts\/12766\/revisions"}],"wp:attachment":[{"href":"https:\/\/sefaz.ac.gov.br\/2021\/index.php?rest_route=%2Fwp%2Fv2%2Fmedia&parent=12766"}],"wp:term":[{"taxonomy":"category","embeddable":true,"href":"https:\/\/sefaz.ac.gov.br\/2021\/index.php?rest_route=%2Fwp%2Fv2%2Fcategories&post=12766"},{"taxonomy":"post_tag","embeddable":true,"href":"https:\/\/sefaz.ac.gov.br\/2021\/index.php?rest_route=%2Fwp%2Fv2%2Ftags&post=12766"}],"curies":[{"name":"wp","href":"https:\/\/api.w.org\/{rel}","templated":true}]}}