{"id":12758,"date":"2006-12-22T10:21:54","date_gmt":"2006-12-22T12:21:54","guid":{"rendered":"http:\/\/sefaz.acre.gov.br:80\/2021\/?p=12758"},"modified":"2023-04-25T10:47:20","modified_gmt":"2023-04-25T13:47:20","slug":"portaria-no-548-de-22-de-dezembro-de-2006","status":"publish","type":"post","link":"https:\/\/sefaz.ac.gov.br\/2021\/?p=12758","title":{"rendered":"PORTARIA N\u00ba 548, DE 22 DE DEZEMBRO DE 2006"},"content":{"rendered":"\n<p class=\"wp-block-paragraph\">&nbsp;<strong>O SECRET\u00c1RIO DE ESTADO DA FAZENDA E GEST\u00c3O P\u00daBLICA<\/strong>, no uso de suas atribui\u00e7\u00f5es legais na forma do Decreto 183\/75 definidas no regimento interno,<\/p>\n\n\n\n<p class=\"wp-block-paragraph\"><strong>R E S O L V E<\/strong>:<\/p>\n\n\n\n<p class=\"wp-block-paragraph\">Art. 1\u00ba <strong>&nbsp;<\/strong>Prorrogar at\u00e9 o dia 31 de dezembro de 2007, os efeitos da Portaria n.\u00ba 004, de 09 de janeiro de 2003, que disp\u00f5e sobre a redu\u00e7\u00e3o da base de c\u00e1lculo do ICMS nas opera\u00e7\u00f5es internas e de importa\u00e7\u00e3o com ve\u00edculos novos de duas rodas motorizados, de forma que sua aplica\u00e7\u00e3o resulte numa carga tribut\u00e1ria de 12% (doze por cento).<\/p>\n\n\n\n<p class=\"wp-block-paragraph\">Art. 2\u00ba&nbsp; Esta Portaria entrar\u00e1 em vigor na data de sua publica\u00e7\u00e3o, com efeitos a partir de 1\u00ba de janeiro de 2007.<\/p>\n\n\n\n<p class=\"wp-block-paragraph\">Art. 3\u00ba&nbsp; D\u00ea-se Ci\u00eancia, Registre-se e Cumpra-se.<\/p>\n\n\n\n<p class=\"wp-block-paragraph\">Rio Branco &#8211; Acre, 22 de dezembro de 2006.<\/p>\n","protected":false},"excerpt":{"rendered":"<p>Prorrogar at\u00e9 o dia 31 de dezembro de 2007, os efeitos da Portaria n.\u00ba 004, de 09 de janeiro de 2003, que disp\u00f5e sobre a redu\u00e7\u00e3o da base de c\u00e1lculo do ICMS nas opera\u00e7\u00f5es internas e de importa\u00e7\u00e3o com ve\u00edculos novos de duas rodas motorizados.<\/p>\n","protected":false},"author":5,"featured_media":0,"comment_status":"closed","ping_status":"closed","sticky":false,"template":"","format":"standard","meta":{"_acf_changed":false,"footnotes":""},"categories":[3,33],"tags":[35],"class_list":["post-12758","post","type-post","status-publish","format-standard","hentry","category-legislacao","category-portarias","tag-icms"],"acf":[],"_links":{"self":[{"href":"https:\/\/sefaz.ac.gov.br\/2021\/index.php?rest_route=\/wp\/v2\/posts\/12758","targetHints":{"allow":["GET"]}}],"collection":[{"href":"https:\/\/sefaz.ac.gov.br\/2021\/index.php?rest_route=\/wp\/v2\/posts"}],"about":[{"href":"https:\/\/sefaz.ac.gov.br\/2021\/index.php?rest_route=\/wp\/v2\/types\/post"}],"author":[{"embeddable":true,"href":"https:\/\/sefaz.ac.gov.br\/2021\/index.php?rest_route=\/wp\/v2\/users\/5"}],"replies":[{"embeddable":true,"href":"https:\/\/sefaz.ac.gov.br\/2021\/index.php?rest_route=%2Fwp%2Fv2%2Fcomments&post=12758"}],"version-history":[{"count":0,"href":"https:\/\/sefaz.ac.gov.br\/2021\/index.php?rest_route=\/wp\/v2\/posts\/12758\/revisions"}],"wp:attachment":[{"href":"https:\/\/sefaz.ac.gov.br\/2021\/index.php?rest_route=%2Fwp%2Fv2%2Fmedia&parent=12758"}],"wp:term":[{"taxonomy":"category","embeddable":true,"href":"https:\/\/sefaz.ac.gov.br\/2021\/index.php?rest_route=%2Fwp%2Fv2%2Fcategories&post=12758"},{"taxonomy":"post_tag","embeddable":true,"href":"https:\/\/sefaz.ac.gov.br\/2021\/index.php?rest_route=%2Fwp%2Fv2%2Ftags&post=12758"}],"curies":[{"name":"wp","href":"https:\/\/api.w.org\/{rel}","templated":true}]}}