{"id":12735,"date":"2006-10-16T10:11:44","date_gmt":"2006-10-16T13:11:44","guid":{"rendered":"http:\/\/sefaz.acre.gov.br:80\/2021\/?p=12735"},"modified":"2023-04-25T10:40:23","modified_gmt":"2023-04-25T13:40:23","slug":"portaria-no-456-de-16-de-outubro-de-2006","status":"publish","type":"post","link":"https:\/\/sefaz.ac.gov.br\/2021\/?p=12735","title":{"rendered":"PORTARIA N\u00ba 456, DE 16 DE OUTUBRO DE 2006"},"content":{"rendered":"\n<p class=\"wp-block-paragraph\"><strong>O SECRET\u00c1RIO DE ESTADO DA FAZENDA E GEST\u00c3O P\u00daBLICA<\/strong>, no uso de suas atribui\u00e7\u00f5es legais na forma do Decreto 183\/75 definidas no regimento interno e amparado nas disposi\u00e7\u00f5es do art. 6\u00ba, \u00a7 4\u00ba, c\/c art. 14 da Lei Complementar n\u00ba 55, de 09 de julho de 1997, &nbsp;e<\/p>\n\n\n\n<p class=\"wp-block-paragraph\"><strong>CONSIDERANDO<\/strong> a necessidade de atualizar os valores m\u00ednimos que servir\u00e3o de base de c\u00e1lculo para cobran\u00e7a do ICMS nas opera\u00e7\u00f5es interestaduais,<\/p>\n\n\n\n<p class=\"wp-block-paragraph\"><strong>CONSIDERANDO<\/strong> os pre\u00e7os m\u00e9dios do produto, obtido atrav\u00e9s de coleta no mercado interno, conforme Processo Administrativo n\u00ba 2006\/10\/17698,<\/p>\n\n\n\n<p class=\"wp-block-paragraph\"><strong>R E S O L V E<\/strong>:<\/p>\n\n\n\n<p class=\"wp-block-paragraph\">Art. 1\u00ba&nbsp; Acrescentar o item abaixo discriminado ao Anexo \u00danico da Pauta de Pre\u00e7os M\u00ednimos, &nbsp;&nbsp;constante da Portaria n\u00ba 395, de 18 de setembro de 2006, &nbsp;que fixa os valores m\u00ednimos da base de c\u00e1lculo do ICMS incidente sobre as opera\u00e7\u00f5es e presta\u00e7\u00f5es com mercadorias nela relacionada.<\/p>\n\n\n\n<blockquote class=\"wp-block-quote is-layout-flow wp-block-quote-is-layout-flow\">\n<p class=\"wp-block-paragraph\"><strong>ANEXO \u00daNICO<\/strong><\/p>\n\n\n\n<p class=\"wp-block-paragraph\"><strong><u>I \u2013 ENTRADAS<\/u><\/strong><\/p>\n\n\n\n<p class=\"wp-block-paragraph\">\u201c<strong>1.<\/strong>&#8230;&#8230;&#8230;&#8230;&#8230;&#8230;&#8230;&#8230;&#8230;&#8230;&#8230;&#8230;&#8230;&#8230;&#8230;&#8230;&#8230;&#8230;&#8230;&#8230;&#8230;&#8230;&#8230;&#8230;.<\/p>\n\n\n\n<p class=\"wp-block-paragraph\">&nbsp;&#8230;&#8230;&#8230;&#8230;&#8230;&#8230;&#8230;&#8230;&#8230;&#8230;&#8230;&#8230;&#8230;&#8230;&#8230;&#8230;&#8230;&#8230;&#8230;&#8230;&#8230;&#8230;&#8230;&#8230;&#8230;.<\/p>\n\n\n\n<p class=\"wp-block-paragraph\"><strong>15. CHARQUE<\/strong><strong><u><\/u><\/strong><\/p>\n\n\n\n<figure class=\"wp-block-table\"><table><tbody><tr><td><strong>PRODUTOS<\/strong><\/td><td><strong>UNIDADE<\/strong><\/td><td><strong>PRE\u00c7O<\/strong><\/td><td><strong>&nbsp;<\/strong><\/td><\/tr><tr><td>Charque todas as marcas<\/td><td>kg<\/td><td>5,67<\/td><td>\u201d<\/td><\/tr><\/tbody><\/table><\/figure>\n<\/blockquote>\n\n\n\n<p class=\"wp-block-paragraph\">Art. 2\u00ba&nbsp; Esta Portaria entrar\u00e1 em vigor na data de sua publica\u00e7\u00e3o.<\/p>\n\n\n\n<p class=\"wp-block-paragraph\">Registre-se, Publique-se, Cumpra-se.<\/p>\n\n\n\n<p class=\"wp-block-paragraph\">Rio Branco-Acre, 16 de outubro de 2006.<\/p>\n","protected":false},"excerpt":{"rendered":"<p>Acrescentar ao Anexo \u00danico da Pauta de Pre\u00e7os M\u00ednimos, constante da Portaria n\u00ba 395, de 18 de setembro de 2006, \u00a0que fixa os valores m\u00ednimos da base de c\u00e1lculo do ICMS.<\/p>\n","protected":false},"author":5,"featured_media":0,"comment_status":"closed","ping_status":"closed","sticky":false,"template":"","format":"standard","meta":{"_acf_changed":false,"footnotes":""},"categories":[3,33],"tags":[35],"class_list":["post-12735","post","type-post","status-publish","format-standard","hentry","category-legislacao","category-portarias","tag-icms"],"acf":[],"_links":{"self":[{"href":"https:\/\/sefaz.ac.gov.br\/2021\/index.php?rest_route=\/wp\/v2\/posts\/12735","targetHints":{"allow":["GET"]}}],"collection":[{"href":"https:\/\/sefaz.ac.gov.br\/2021\/index.php?rest_route=\/wp\/v2\/posts"}],"about":[{"href":"https:\/\/sefaz.ac.gov.br\/2021\/index.php?rest_route=\/wp\/v2\/types\/post"}],"author":[{"embeddable":true,"href":"https:\/\/sefaz.ac.gov.br\/2021\/index.php?rest_route=\/wp\/v2\/users\/5"}],"replies":[{"embeddable":true,"href":"https:\/\/sefaz.ac.gov.br\/2021\/index.php?rest_route=%2Fwp%2Fv2%2Fcomments&post=12735"}],"version-history":[{"count":0,"href":"https:\/\/sefaz.ac.gov.br\/2021\/index.php?rest_route=\/wp\/v2\/posts\/12735\/revisions"}],"wp:attachment":[{"href":"https:\/\/sefaz.ac.gov.br\/2021\/index.php?rest_route=%2Fwp%2Fv2%2Fmedia&parent=12735"}],"wp:term":[{"taxonomy":"category","embeddable":true,"href":"https:\/\/sefaz.ac.gov.br\/2021\/index.php?rest_route=%2Fwp%2Fv2%2Fcategories&post=12735"},{"taxonomy":"post_tag","embeddable":true,"href":"https:\/\/sefaz.ac.gov.br\/2021\/index.php?rest_route=%2Fwp%2Fv2%2Ftags&post=12735"}],"curies":[{"name":"wp","href":"https:\/\/api.w.org\/{rel}","templated":true}]}}