{"id":12732,"date":"2006-09-28T10:05:48","date_gmt":"2006-09-28T13:05:48","guid":{"rendered":"http:\/\/sefaz.acre.gov.br:80\/2021\/?p=12732"},"modified":"2023-04-25T10:38:27","modified_gmt":"2023-04-25T13:38:27","slug":"portaria-no-407-de-28-de-setembro-de-2006","status":"publish","type":"post","link":"https:\/\/sefaz.ac.gov.br\/2021\/?p=12732","title":{"rendered":"PORTARIA N\u00ba 407, DE 28 DE SETEMBRO DE 2006"},"content":{"rendered":"\n<p class=\"wp-block-paragraph\"><strong>O SECRET\u00c1RIO DE ESTADO DA FAZENDA E GEST\u00c3O P\u00daBLICA<\/strong>, no uso de suas atribui\u00e7\u00f5es legais na forma do Decreto 183\/75 definidas no regimento interno e amparado nas disposi\u00e7\u00f5es do art. 12, I, II, III, IV, da Lei complementar n\u00ba 07, de 30 de dezembro de 1982,<\/p>\n\n\n\n<p class=\"wp-block-paragraph\"><strong>CONSIDERANDO <\/strong>a n\u00e3o realiza\u00e7\u00e3o de atendimento ao p\u00fablico pela SEFAZ-AC no dia 29 de setembro do corrente ano, em virtude de solicita\u00e7\u00e3o do TRE do espa\u00e7o f\u00edsico para funcionamento de se\u00e7\u00e3o eleitoral; e<\/p>\n\n\n\n<p class=\"wp-block-paragraph\"><strong>CONSIDERANDO<\/strong> o que disp\u00f5e o art. 210, par\u00e1grafo \u00fanico do C\u00f3digo Tribut\u00e1rio Nacional;<\/p>\n\n\n\n<p class=\"wp-block-paragraph\"><strong>R E S O L V E<\/strong>:<\/p>\n\n\n\n<p class=\"wp-block-paragraph\">Art. 1\u00ba Prorrogar para 2 de outubro do corrente ano, o recolhimento dos tributos decorrentes da aplica\u00e7\u00e3o do Decreto n\u00ba 14.918, de 11 de agosto de 2006 e da cl\u00e1usula segunda do Conv\u00eanio ICMS 72\/06, com vencimento no dia 29 de setembro de 2006.<\/p>\n\n\n\n<p class=\"wp-block-paragraph\">Art. 2\u00ba&nbsp; Esta Portaria entrar\u00e1 em vigor na data de sua publica\u00e7\u00e3o.<\/p>\n\n\n\n<p class=\"wp-block-paragraph\">Art. 3\u00ba \u2013 D\u00ea-se Ci\u00eancia, Registre-se e Cumpra-se.<\/p>\n\n\n\n<p class=\"wp-block-paragraph\">Rio Branco &#8211; Acre, 28 de setembro de 2006.<\/p>\n","protected":false},"excerpt":{"rendered":"<p>Prorrogar para 2 de outubro do corrente ano, o recolhimento dos tributos decorrentes da aplica\u00e7\u00e3o do Decreto n\u00ba 14.918, de 11 de agosto de 2006 e da cl\u00e1usula segunda do Conv\u00eanio ICMS 72\/06, com vencimento no dia 29 de setembro de 2006.<\/p>\n","protected":false},"author":5,"featured_media":0,"comment_status":"closed","ping_status":"closed","sticky":false,"template":"","format":"standard","meta":{"_acf_changed":false,"footnotes":""},"categories":[3,33],"tags":[35],"class_list":["post-12732","post","type-post","status-publish","format-standard","hentry","category-legislacao","category-portarias","tag-icms"],"acf":[],"_links":{"self":[{"href":"https:\/\/sefaz.ac.gov.br\/2021\/index.php?rest_route=\/wp\/v2\/posts\/12732","targetHints":{"allow":["GET"]}}],"collection":[{"href":"https:\/\/sefaz.ac.gov.br\/2021\/index.php?rest_route=\/wp\/v2\/posts"}],"about":[{"href":"https:\/\/sefaz.ac.gov.br\/2021\/index.php?rest_route=\/wp\/v2\/types\/post"}],"author":[{"embeddable":true,"href":"https:\/\/sefaz.ac.gov.br\/2021\/index.php?rest_route=\/wp\/v2\/users\/5"}],"replies":[{"embeddable":true,"href":"https:\/\/sefaz.ac.gov.br\/2021\/index.php?rest_route=%2Fwp%2Fv2%2Fcomments&post=12732"}],"version-history":[{"count":0,"href":"https:\/\/sefaz.ac.gov.br\/2021\/index.php?rest_route=\/wp\/v2\/posts\/12732\/revisions"}],"wp:attachment":[{"href":"https:\/\/sefaz.ac.gov.br\/2021\/index.php?rest_route=%2Fwp%2Fv2%2Fmedia&parent=12732"}],"wp:term":[{"taxonomy":"category","embeddable":true,"href":"https:\/\/sefaz.ac.gov.br\/2021\/index.php?rest_route=%2Fwp%2Fv2%2Fcategories&post=12732"},{"taxonomy":"post_tag","embeddable":true,"href":"https:\/\/sefaz.ac.gov.br\/2021\/index.php?rest_route=%2Fwp%2Fv2%2Ftags&post=12732"}],"curies":[{"name":"wp","href":"https:\/\/api.w.org\/{rel}","templated":true}]}}