{"id":12724,"date":"2006-09-18T10:03:49","date_gmt":"2006-09-18T13:03:49","guid":{"rendered":"http:\/\/sefaz.acre.gov.br:80\/2021\/?p=12724"},"modified":"2023-04-25T10:36:57","modified_gmt":"2023-04-25T13:36:57","slug":"portaria-no-395-de-18-de-setembro-de-2006-revogada","status":"publish","type":"post","link":"https:\/\/sefaz.ac.gov.br\/2021\/?p=12724","title":{"rendered":"PORTARIA N\u00ba 395, DE 18 DE SETEMBRO DE 2006 (Revogada)"},"content":{"rendered":"\n<p class=\"wp-block-paragraph\"><strong>O SECRET\u00c1RIO DE ESTADO DA FAZENDA E GEST\u00c3O P\u00daBLICA<\/strong>, no uso de suas atribui\u00e7\u00f5es legais na forma do Decreto 183\/75 definidas no regimento interno e amparado nas disposi\u00e7\u00f5es do art. 6\u00ba, \u00a7 4\u00ba, c\/c art. 14 da Lei Complementar n\u00ba 55, de 09 de julho de 1997,&nbsp; e<\/p>\n\n\n\n<p class=\"wp-block-paragraph\"><strong>CONSIDERANDO<\/strong> a necessidade de atualizar os valores m\u00ednimos que servir\u00e3o de base de c\u00e1lculo para cobran\u00e7a do ICMS nas opera\u00e7\u00f5es interestaduais,<\/p>\n\n\n\n<p class=\"wp-block-paragraph\"><strong>CONSIDERANDO<\/strong> os pre\u00e7os m\u00e9dios dos produtos, obtidos conforme coleta no mercado interno,<\/p>\n\n\n\n<p class=\"wp-block-paragraph\"><strong>R E S O L V E<\/strong>:<\/p>\n\n\n\n<p class=\"wp-block-paragraph\">Art. 1\u00ba&nbsp; Aprovar a Pauta de Pre\u00e7os, constante no Anexo \u00danico desta Portaria, que fixa os valores m\u00ednimos da base de c\u00e1lculo do ICMS incidente sobre as opera\u00e7\u00f5es e presta\u00e7\u00f5es com mercadorias nela relacionada.<\/p>\n\n\n\n<p class=\"wp-block-paragraph\">Art. 2\u00ba&nbsp; A comercializa\u00e7\u00e3o interna de produtos n\u00e3o relacionados na Pauta e aqueles efetivamente negociados por valor superior ao nela previsto ter\u00e3o como base de c\u00e1lculo, para incid\u00eancia do ICMS, o pre\u00e7o real da opera\u00e7\u00e3o constante no documento fiscal emitido pelo vendedor ou comprador que, por sua vez, dever\u00e1 ser sempre, salvo os casos de diferimento, superior aos pre\u00e7os praticados nas opera\u00e7\u00f5es interestaduais.<\/p>\n\n\n\n<p class=\"wp-block-paragraph\">Art. 3\u00ba&nbsp; Por ocasi\u00e3o da entrada de mercadorias procedentes de outras unidades da Federa\u00e7\u00e3o, n\u00e3o est\u00e3o inclu\u00eddos, nos pre\u00e7os constantes na pauta, o valor agregado correspondente.<\/p>\n\n\n\n<p class=\"wp-block-paragraph\">Art. 4\u00ba&nbsp;&nbsp; Revogam-se as disposi\u00e7\u00f5es em contr\u00e1rio.<\/p>\n\n\n\n<p class=\"wp-block-paragraph\">Art. 5\u00ba&nbsp; Esta Portaria entrar\u00e1 em vigor na data de sua publica\u00e7\u00e3o.<\/p>\n\n\n\n<p class=\"wp-block-paragraph\">Registre-se, Publique-se, Cumpra-se.<\/p>\n\n\n\n<p class=\"wp-block-paragraph\">Rio Branco-Acre, 18 de setembro de 2005.<\/p>\n","protected":false},"excerpt":{"rendered":"<p>Aprovar a Pauta de Pre\u00e7os, constante no Anexo \u00danico desta Portaria, que fixa os valores m\u00ednimos da base de c\u00e1lculo do ICMS .<\/p>\n","protected":false},"author":5,"featured_media":0,"comment_status":"closed","ping_status":"closed","sticky":false,"template":"","format":"standard","meta":{"_acf_changed":false,"footnotes":""},"categories":[3,33],"tags":[35],"class_list":["post-12724","post","type-post","status-publish","format-standard","hentry","category-legislacao","category-portarias","tag-icms"],"acf":[],"_links":{"self":[{"href":"https:\/\/sefaz.ac.gov.br\/2021\/index.php?rest_route=\/wp\/v2\/posts\/12724","targetHints":{"allow":["GET"]}}],"collection":[{"href":"https:\/\/sefaz.ac.gov.br\/2021\/index.php?rest_route=\/wp\/v2\/posts"}],"about":[{"href":"https:\/\/sefaz.ac.gov.br\/2021\/index.php?rest_route=\/wp\/v2\/types\/post"}],"author":[{"embeddable":true,"href":"https:\/\/sefaz.ac.gov.br\/2021\/index.php?rest_route=\/wp\/v2\/users\/5"}],"replies":[{"embeddable":true,"href":"https:\/\/sefaz.ac.gov.br\/2021\/index.php?rest_route=%2Fwp%2Fv2%2Fcomments&post=12724"}],"version-history":[{"count":0,"href":"https:\/\/sefaz.ac.gov.br\/2021\/index.php?rest_route=\/wp\/v2\/posts\/12724\/revisions"}],"wp:attachment":[{"href":"https:\/\/sefaz.ac.gov.br\/2021\/index.php?rest_route=%2Fwp%2Fv2%2Fmedia&parent=12724"}],"wp:term":[{"taxonomy":"category","embeddable":true,"href":"https:\/\/sefaz.ac.gov.br\/2021\/index.php?rest_route=%2Fwp%2Fv2%2Fcategories&post=12724"},{"taxonomy":"post_tag","embeddable":true,"href":"https:\/\/sefaz.ac.gov.br\/2021\/index.php?rest_route=%2Fwp%2Fv2%2Ftags&post=12724"}],"curies":[{"name":"wp","href":"https:\/\/api.w.org\/{rel}","templated":true}]}}