{"id":12715,"date":"2006-03-16T09:39:25","date_gmt":"2006-03-16T12:39:25","guid":{"rendered":"http:\/\/sefaz.acre.gov.br:80\/2021\/?p=12715"},"modified":"2023-04-25T10:33:18","modified_gmt":"2023-04-25T13:33:18","slug":"portaria-n-087-de-16-de-marco-de-2006","status":"publish","type":"post","link":"https:\/\/sefaz.ac.gov.br\/2021\/?p=12715","title":{"rendered":"PORTARIA N\u00b0 087 DE 16 DE MAR\u00c7O DE 2006"},"content":{"rendered":"\n<p class=\"wp-block-paragraph\"><strong>O SECRET\u00c1RIO DE ESTADO DA FAZENDA E GEST\u00c3O P\u00daBLICA<\/strong>, no uso de suas atribui\u00e7\u00f5es legais na forma do Decreto 183\/75, definidas no regimento interno,<\/p>\n\n\n\n<p class=\"wp-block-paragraph\"><strong>CONSIDERANDO<\/strong> a necessidade de implementar procedimentos tribut\u00e1rio uniforme para as opera\u00e7\u00f5es com o produto farinha de trigo embaladas em sacos de cinquenta quilogramas de que trata o Decreto n\u00b0 13.286, de 29 de novembro de 2005,<\/p>\n\n\n\n<p class=\"wp-block-paragraph\"><strong>CONSIDERANDO<\/strong> ainda, que nas opera\u00e7\u00f5es de vendas no mercado interno h\u00e1 repasse do desconto do ICMS \u00e0 ind\u00fastria resultando efeito an\u00e1logo as aquisi\u00e7\u00f5es realizadas diretamente de moinhos.<\/p>\n\n\n\n<p class=\"wp-block-paragraph\"><strong>RESOLVE:<\/strong><\/p>\n\n\n\n<p class=\"wp-block-paragraph\">Art. 1\u00b0 Equipara-se \u00e0 opera\u00e7\u00e3o de que trata o art 1\u00b0 do Decreto n\u00b0 13.286, de 29 de novembro de 2005, as realiza\u00e7\u00f5es para atacadistas ou distribuidores deste Estado que efetuem vendas internas destinadas \u00e0s ind\u00fastrias de panifica\u00e7\u00e3o biscoitos ou macarr\u00e3o, desde que devidamente inscritas no Cadastro de Contribuintes da SEFAZ-AC.<\/p>\n\n\n\n<p class=\"wp-block-paragraph\">Par\u00e1grafo \u00danico. O beneficio de que trata o caput deste artigo fica condicionado:<\/p>\n\n\n\n<p class=\"wp-block-paragraph\">I \u2013 ao desconto no pre\u00e7o, do valor equivalente ao imposto dispensado;<\/p>\n\n\n\n<p class=\"wp-block-paragraph\">II \u2013 a indica\u00e7\u00e3o, no respectivo documento fiscal, do valor do desconto.<\/p>\n\n\n\n<p class=\"wp-block-paragraph\">Art. 2\u00b0 O lan\u00e7amento do ICMS decorrentes das opera\u00e7\u00f5es realizadas por atacadistas ou distribuidores para a industria de panifica\u00e7\u00e3o, biscoito ou macarr\u00e3o, ser\u00e1 efetuado atrav\u00e9s do Demonstrativo de Apura\u00e7\u00e3o Mensal \u2013 DAM, registrando no campo \u201cisentas ou n\u00e3o tributadas\u201d, os valores correspondentes ao beneficio concedido no inciso I do Par\u00e1grafo \u00fanico, art 1\u00b0 desta Portaria.<\/p>\n\n\n\n<p class=\"wp-block-paragraph\">Par\u00e1grafo \u00danico. O pagamento do imposto devido, resultante da apura\u00e7\u00e3o, obedecer\u00e1 ao disposto no Regulamento do ICMS.<\/p>\n\n\n\n<p class=\"wp-block-paragraph\">Art 3\u00b0 A Diretoria da Administra\u00e7\u00e3o Tribut\u00e1ria efetuar\u00e1 fiscaliza\u00e7\u00e3o peri\u00f3dica das opera\u00e7\u00f5es com farinha de trigo embalada em sacos de cinq\u00fcenta quilogramas, efetuadas por atacadistas e distribuidores, nos termos da legisla\u00e7\u00e3o do imposto.<\/p>\n\n\n\n<p class=\"wp-block-paragraph\">Art. 4\u00b0 Esta Portaria entrar\u00e1 em vigor na data de sua publica\u00e7\u00e3o, com efeito retroativo a 02 de dezembro de 2005.<\/p>\n\n\n\n<p class=\"wp-block-paragraph\">Art 5\u00b0 D\u00ea-se ci\u00eancia, Registre-se e Cumpra-se.<\/p>\n\n\n\n<p class=\"wp-block-paragraph\">Rio Branco \u2013 Ac, 16 de mar\u00e7o de 2006.<\/p>\n","protected":false},"excerpt":{"rendered":"<p>Regulamenta o Decreto n\u00b0 13.286, de 29 de novembro de 2005 &#8211; Farinha de Trigo embaladas em sacos de 50 quilos<\/p>\n","protected":false},"author":5,"featured_media":0,"comment_status":"closed","ping_status":"closed","sticky":false,"template":"","format":"standard","meta":{"_acf_changed":false,"footnotes":""},"categories":[3,33],"tags":[35],"class_list":["post-12715","post","type-post","status-publish","format-standard","hentry","category-legislacao","category-portarias","tag-icms"],"acf":[],"_links":{"self":[{"href":"https:\/\/sefaz.ac.gov.br\/2021\/index.php?rest_route=\/wp\/v2\/posts\/12715","targetHints":{"allow":["GET"]}}],"collection":[{"href":"https:\/\/sefaz.ac.gov.br\/2021\/index.php?rest_route=\/wp\/v2\/posts"}],"about":[{"href":"https:\/\/sefaz.ac.gov.br\/2021\/index.php?rest_route=\/wp\/v2\/types\/post"}],"author":[{"embeddable":true,"href":"https:\/\/sefaz.ac.gov.br\/2021\/index.php?rest_route=\/wp\/v2\/users\/5"}],"replies":[{"embeddable":true,"href":"https:\/\/sefaz.ac.gov.br\/2021\/index.php?rest_route=%2Fwp%2Fv2%2Fcomments&post=12715"}],"version-history":[{"count":0,"href":"https:\/\/sefaz.ac.gov.br\/2021\/index.php?rest_route=\/wp\/v2\/posts\/12715\/revisions"}],"wp:attachment":[{"href":"https:\/\/sefaz.ac.gov.br\/2021\/index.php?rest_route=%2Fwp%2Fv2%2Fmedia&parent=12715"}],"wp:term":[{"taxonomy":"category","embeddable":true,"href":"https:\/\/sefaz.ac.gov.br\/2021\/index.php?rest_route=%2Fwp%2Fv2%2Fcategories&post=12715"},{"taxonomy":"post_tag","embeddable":true,"href":"https:\/\/sefaz.ac.gov.br\/2021\/index.php?rest_route=%2Fwp%2Fv2%2Ftags&post=12715"}],"curies":[{"name":"wp","href":"https:\/\/api.w.org\/{rel}","templated":true}]}}