{"id":12709,"date":"2005-12-29T15:35:51","date_gmt":"2005-12-29T17:35:51","guid":{"rendered":"http:\/\/sefaz.acre.gov.br:80\/2021\/?p=12709"},"modified":"2023-04-25T10:24:28","modified_gmt":"2023-04-25T13:24:28","slug":"portaria-no-389-de-29-de-dezembro-de-2005","status":"publish","type":"post","link":"https:\/\/sefaz.ac.gov.br\/2021\/?p=12709","title":{"rendered":"PORTARIA N\u00ba 389 DE 29 DE DEZEMBRO DE 2005"},"content":{"rendered":"\n<p class=\"wp-block-paragraph\"><strong>O SECRET\u00c1RIO DE ESTADO DA FAZENDA E GEST\u00c3O P\u00daBLICA<\/strong>, no uso de suas atribui\u00e7\u00f5es legais na forma do Decreto 183\/75 definidas no regimento interno,<\/p>\n\n\n\n<p class=\"wp-block-paragraph\"><strong>R E S O L V E<\/strong>:<\/p>\n\n\n\n<p class=\"wp-block-paragraph\">Art. 1\u00ba <strong>&nbsp;<\/strong>Prorrogar at\u00e9 o dia 31 de dezembro de 2006, os efeitos da Portaria n.\u00ba 293, de 23 de outubro de 2002, que disp\u00f5e sobre a redu\u00e7\u00e3o da base de c\u00e1lculo do ICMS nas opera\u00e7\u00f5es internas com ve\u00edculos automotores novos, fabricados pela MMC Automotores do Brasil S.A. classificados nos c\u00f3digos da NBM-SH relacionados no Anexo \u00danico do Conv\u00eanio ICMS 50\/99.<\/p>\n\n\n\n<p class=\"wp-block-paragraph\">Art. 2\u00ba&nbsp; Esta Portaria entrar\u00e1 em vigor na data de sua publica\u00e7\u00e3o, com efeitos a partir de 1\u00ba de janeiro de 2006.<\/p>\n\n\n\n<p class=\"wp-block-paragraph\">Art. 3\u00ba \u2013 D\u00ea-se Ci\u00eancia, Registre-se e Cumpra-se. <\/p>\n\n\n\n<p class=\"wp-block-paragraph\">Rio Branco &#8211; Acre, &nbsp;29 de dezembro de 2005.<\/p>\n","protected":false},"excerpt":{"rendered":"<p>Prorrogar at\u00e9 o dia 31 de dezembro de 2006, os efeitos da Portaria n.\u00ba 293, de 23 de outubro de 2002, que disp\u00f5e sobre a redu\u00e7\u00e3o da base de c\u00e1lculo do ICMS.<\/p>\n","protected":false},"author":5,"featured_media":0,"comment_status":"closed","ping_status":"closed","sticky":false,"template":"","format":"standard","meta":{"_acf_changed":false,"footnotes":""},"categories":[3,33],"tags":[35],"class_list":["post-12709","post","type-post","status-publish","format-standard","hentry","category-legislacao","category-portarias","tag-icms"],"acf":[],"_links":{"self":[{"href":"https:\/\/sefaz.ac.gov.br\/2021\/index.php?rest_route=\/wp\/v2\/posts\/12709","targetHints":{"allow":["GET"]}}],"collection":[{"href":"https:\/\/sefaz.ac.gov.br\/2021\/index.php?rest_route=\/wp\/v2\/posts"}],"about":[{"href":"https:\/\/sefaz.ac.gov.br\/2021\/index.php?rest_route=\/wp\/v2\/types\/post"}],"author":[{"embeddable":true,"href":"https:\/\/sefaz.ac.gov.br\/2021\/index.php?rest_route=\/wp\/v2\/users\/5"}],"replies":[{"embeddable":true,"href":"https:\/\/sefaz.ac.gov.br\/2021\/index.php?rest_route=%2Fwp%2Fv2%2Fcomments&post=12709"}],"version-history":[{"count":0,"href":"https:\/\/sefaz.ac.gov.br\/2021\/index.php?rest_route=\/wp\/v2\/posts\/12709\/revisions"}],"wp:attachment":[{"href":"https:\/\/sefaz.ac.gov.br\/2021\/index.php?rest_route=%2Fwp%2Fv2%2Fmedia&parent=12709"}],"wp:term":[{"taxonomy":"category","embeddable":true,"href":"https:\/\/sefaz.ac.gov.br\/2021\/index.php?rest_route=%2Fwp%2Fv2%2Fcategories&post=12709"},{"taxonomy":"post_tag","embeddable":true,"href":"https:\/\/sefaz.ac.gov.br\/2021\/index.php?rest_route=%2Fwp%2Fv2%2Ftags&post=12709"}],"curies":[{"name":"wp","href":"https:\/\/api.w.org\/{rel}","templated":true}]}}