{"id":12691,"date":"2005-12-14T15:24:48","date_gmt":"2005-12-14T17:24:48","guid":{"rendered":"http:\/\/sefaz.acre.gov.br:80\/2021\/?p=12691"},"modified":"2023-04-25T10:15:53","modified_gmt":"2023-04-25T13:15:53","slug":"portaria-no-368-de-14-de-dezembro-de-2005","status":"publish","type":"post","link":"https:\/\/sefaz.ac.gov.br\/2021\/?p=12691","title":{"rendered":"PORTARIA N\u00ba 368, DE 14 DE DEZEMBRO DE 2005"},"content":{"rendered":"\n<p class=\"wp-block-paragraph\"><strong>O SECRET\u00c1RIO DE ESTADO DA FAZENDA E GEST\u00c3O P\u00daBLICA<\/strong>, no uso de suas atribui\u00e7\u00f5es legais na forma do Decreto 183\/75 definidas no regimento interno e amparado nas disposi\u00e7\u00f5es do Decreto n\u00ba 13.288, de 29 de novembro de 2005,&nbsp;&nbsp;&nbsp;<\/p>\n\n\n\n<p class=\"wp-block-paragraph\"><strong>R E S O L V E<\/strong>:<\/p>\n\n\n\n<p class=\"wp-block-paragraph\">Art. 1\u00ba &nbsp;A transfer\u00eancia de cr\u00e9ditos a terceiros de que trata o \u00a7 3\u00ba do Art. 1\u00ba do Decreto Estadual n\u00ba 13.288\/05 dever\u00e1 ser feita atrav\u00e9s de instrumento p\u00fablico de cess\u00e3o de cr\u00e9dito e poder\u00e1 ser apresentada ap\u00f3s ato de deferimento do processo de encontro de contas, sendo condicionada a tal instrumento a consecu\u00e7\u00e3o do processo de compensa\u00e7\u00e3o de cr\u00e9ditos.<\/p>\n\n\n\n<p class=\"wp-block-paragraph\">Art. 2\u00ba Os processos de encontro de contas, vencidos at\u00e9 30 de julho de 2005 e n\u00e3o compensados, ter\u00e3o que ser revalidados atrav\u00e9s de of\u00edcio do \u00f3rg\u00e3o de origem para esta Secretaria em conformidade com o que disp\u00f5e o Art. 4\u00ba do Decreto Estadual n.\u00ba 13.288\/2005.<\/p>\n\n\n\n<p class=\"wp-block-paragraph\">Par\u00e1grafo \u00fanico. Em n\u00e3o havendo a revalida\u00e7\u00e3o dos processos de encontro de contas, conforme disp\u00f5e o <strong>caput<\/strong> deste Artigo, os cr\u00e9ditos tribut\u00e1rios ser\u00e3o relan\u00e7ados na conta-corrente dos contribuintes requerentes, acrescidos de todos os encargos cab\u00edveis.<\/p>\n\n\n\n<p class=\"wp-block-paragraph\">Art. 3\u00ba Esta Portaria entrar\u00e1 em vigor na data de sua publica\u00e7\u00e3o.<\/p>\n\n\n\n<p class=\"wp-block-paragraph\">Art. 4\u00ba&nbsp; Publique-se, Registre-se e Cumpra-se.<\/p>\n\n\n\n<p class=\"wp-block-paragraph\">Rio Branco &#8211; Acre, 14 de dezembro de 2005.<\/p>\n","protected":false},"excerpt":{"rendered":"<p>Regulamenta o Decreto de econtro de contas.<\/p>\n","protected":false},"author":5,"featured_media":0,"comment_status":"closed","ping_status":"closed","sticky":false,"template":"","format":"standard","meta":{"_acf_changed":false,"footnotes":""},"categories":[3,33],"tags":[35],"class_list":["post-12691","post","type-post","status-publish","format-standard","hentry","category-legislacao","category-portarias","tag-icms"],"acf":[],"_links":{"self":[{"href":"https:\/\/sefaz.ac.gov.br\/2021\/index.php?rest_route=\/wp\/v2\/posts\/12691","targetHints":{"allow":["GET"]}}],"collection":[{"href":"https:\/\/sefaz.ac.gov.br\/2021\/index.php?rest_route=\/wp\/v2\/posts"}],"about":[{"href":"https:\/\/sefaz.ac.gov.br\/2021\/index.php?rest_route=\/wp\/v2\/types\/post"}],"author":[{"embeddable":true,"href":"https:\/\/sefaz.ac.gov.br\/2021\/index.php?rest_route=\/wp\/v2\/users\/5"}],"replies":[{"embeddable":true,"href":"https:\/\/sefaz.ac.gov.br\/2021\/index.php?rest_route=%2Fwp%2Fv2%2Fcomments&post=12691"}],"version-history":[{"count":0,"href":"https:\/\/sefaz.ac.gov.br\/2021\/index.php?rest_route=\/wp\/v2\/posts\/12691\/revisions"}],"wp:attachment":[{"href":"https:\/\/sefaz.ac.gov.br\/2021\/index.php?rest_route=%2Fwp%2Fv2%2Fmedia&parent=12691"}],"wp:term":[{"taxonomy":"category","embeddable":true,"href":"https:\/\/sefaz.ac.gov.br\/2021\/index.php?rest_route=%2Fwp%2Fv2%2Fcategories&post=12691"},{"taxonomy":"post_tag","embeddable":true,"href":"https:\/\/sefaz.ac.gov.br\/2021\/index.php?rest_route=%2Fwp%2Fv2%2Ftags&post=12691"}],"curies":[{"name":"wp","href":"https:\/\/api.w.org\/{rel}","templated":true}]}}