{"id":12675,"date":"2005-09-29T15:19:56","date_gmt":"2005-09-29T18:19:56","guid":{"rendered":"http:\/\/sefaz.acre.gov.br:80\/2021\/?p=12675"},"modified":"2023-04-25T10:04:01","modified_gmt":"2023-04-25T13:04:01","slug":"portaria-no-264-de-29-de-setembro-de-2005","status":"publish","type":"post","link":"https:\/\/sefaz.ac.gov.br\/2021\/?p=12675","title":{"rendered":"PORTARIA N\u00ba 264 DE 29 DE SETEMBRO DE 2005"},"content":{"rendered":"\n<p class=\"wp-block-paragraph\"><strong>O SECRET\u00c1RIO DE ESTADO DA FAZENDA E GEST\u00c3O P\u00daBLICA<\/strong>, no uso de suas atribui\u00e7\u00f5es legais na forma do Decreto 183\/75 definidas no regimento interno e amparado nas disposi\u00e7\u00f5es do art. 14, I, II, da Lei Complementar N.\u00ba 55, de 09 de julho de 1997,<\/p>\n\n\n\n<p class=\"wp-block-paragraph\"><strong>RESOLVE<\/strong>:<\/p>\n\n\n\n<p class=\"wp-block-paragraph\"><strong>Art. 1\u00ba<\/strong> Alterar e acrescentar itens aos anexos I e II da Portaria n\u00ba. 272, de 25 de agosto de 2004, que estabelece a Pauta de Pre\u00e7os M\u00ednimos, que serve de base de c\u00e1lculo do ICMS, na entrada e sa\u00edda dos produtos que especifica.<\/p>\n\n\n\n<p class=\"wp-block-paragraph\"><strong>Art. 2\u00ba<\/strong> Esta Portaria entrar\u00e1 em vigor na data de sua publica\u00e7\u00e3o.<\/p>\n\n\n\n<p class=\"wp-block-paragraph\">Registre-se, Publique-se, Cumpra-se.<\/p>\n\n\n\n<p class=\"wp-block-paragraph\">&nbsp;&nbsp;&nbsp; Rio Branco-Acre, 29 &nbsp;de setembro de 2005.<\/p>\n","protected":false},"excerpt":{"rendered":"<p>Alterar e acrescentar itens aos anexos I e II da Portaria n\u00ba. 272, de 25 de agosto de 2004, que estabelece a Pauta de Pre\u00e7os M\u00ednimos.<\/p>\n","protected":false},"author":5,"featured_media":0,"comment_status":"closed","ping_status":"closed","sticky":false,"template":"","format":"standard","meta":{"_acf_changed":false,"footnotes":""},"categories":[3,33],"tags":[35],"class_list":["post-12675","post","type-post","status-publish","format-standard","hentry","category-legislacao","category-portarias","tag-icms"],"acf":[],"_links":{"self":[{"href":"https:\/\/sefaz.ac.gov.br\/2021\/index.php?rest_route=\/wp\/v2\/posts\/12675","targetHints":{"allow":["GET"]}}],"collection":[{"href":"https:\/\/sefaz.ac.gov.br\/2021\/index.php?rest_route=\/wp\/v2\/posts"}],"about":[{"href":"https:\/\/sefaz.ac.gov.br\/2021\/index.php?rest_route=\/wp\/v2\/types\/post"}],"author":[{"embeddable":true,"href":"https:\/\/sefaz.ac.gov.br\/2021\/index.php?rest_route=\/wp\/v2\/users\/5"}],"replies":[{"embeddable":true,"href":"https:\/\/sefaz.ac.gov.br\/2021\/index.php?rest_route=%2Fwp%2Fv2%2Fcomments&post=12675"}],"version-history":[{"count":0,"href":"https:\/\/sefaz.ac.gov.br\/2021\/index.php?rest_route=\/wp\/v2\/posts\/12675\/revisions"}],"wp:attachment":[{"href":"https:\/\/sefaz.ac.gov.br\/2021\/index.php?rest_route=%2Fwp%2Fv2%2Fmedia&parent=12675"}],"wp:term":[{"taxonomy":"category","embeddable":true,"href":"https:\/\/sefaz.ac.gov.br\/2021\/index.php?rest_route=%2Fwp%2Fv2%2Fcategories&post=12675"},{"taxonomy":"post_tag","embeddable":true,"href":"https:\/\/sefaz.ac.gov.br\/2021\/index.php?rest_route=%2Fwp%2Fv2%2Ftags&post=12675"}],"curies":[{"name":"wp","href":"https:\/\/api.w.org\/{rel}","templated":true}]}}