{"id":12660,"date":"2005-12-29T13:48:15","date_gmt":"2005-12-29T15:48:15","guid":{"rendered":"http:\/\/sefaz.acre.gov.br:80\/2021\/?p=12660"},"modified":"2023-04-25T10:17:34","modified_gmt":"2023-04-25T13:17:34","slug":"portaria-no-385-de-29-de-dezembro-de-2005","status":"publish","type":"post","link":"https:\/\/sefaz.ac.gov.br\/2021\/?p=12660","title":{"rendered":"PORTARIA N\u00ba 385, DE 29 DE DEZEMBRO DE 2005"},"content":{"rendered":"\n<p class=\"wp-block-paragraph\"><strong>O SECRET\u00c1RIO DE ESTADO DA FAZENDA E GEST\u00c3O P\u00daBLICA<\/strong>, no uso de suas atribui\u00e7\u00f5es legais, e nos termos da Lei Complementar n\u00ba 114, de 30 de dezembro de 2002,<\/p>\n\n\n\n<p class=\"wp-block-paragraph\"><strong>R E S O L V E<\/strong>:<\/p>\n\n\n\n<p class=\"wp-block-paragraph\">Art. 1\u00ba&nbsp; Alterar o c\u00f3digo 111115 da tabela do de valores do IPVA &#8211; Exerc\u00edcio de 2006, que passa a ter os seguintes valores:<\/p>\n\n\n\n<figure class=\"wp-block-table\"><table><thead><tr><th class=\"has-text-align-center\" data-align=\"center\"><strong>C\u00f3digo<\/strong><\/th><th class=\"has-text-align-center\" data-align=\"center\"><strong>Marca \/ Modelo<\/strong><\/th><th class=\"has-text-align-center\" data-align=\"center\"><strong>Tp<\/strong><\/th><th class=\"has-text-align-center\" data-align=\"center\"><strong>V. Ref.<\/strong><\/th><th class=\"has-text-align-center\" data-align=\"center\"><strong>2005<\/strong><\/th><th class=\"has-text-align-center\" data-align=\"center\"><strong>2004<\/strong><\/th><th><strong>2003<\/strong><\/th><th class=\"has-text-align-center\" data-align=\"center\"><strong>2002<\/strong><\/th><th class=\"has-text-align-center\" data-align=\"center\"><strong>2001<\/strong><\/th><th class=\"has-text-align-center\" data-align=\"center\"><strong>2000<\/strong><\/th><th class=\"has-text-align-center\" data-align=\"center\"><strong>1999<\/strong><\/th><th class=\"has-text-align-center\" data-align=\"center\"><strong>1998<\/strong><\/th><th class=\"has-text-align-center\" data-align=\"center\"><strong>1997<\/strong><\/th><th class=\"has-text-align-center\" data-align=\"center\"><strong>1996\/<\/strong> <strong>Ant.<\/strong><\/th><\/tr><\/thead><tbody><tr><td class=\"has-text-align-center\" data-align=\"center\">111115<\/td><td class=\"has-text-align-center\" data-align=\"center\"><strong>RENAULT\/CLIO SI &nbsp;1.6 &nbsp;16V<\/strong><\/td><td class=\"has-text-align-center\" data-align=\"center\">1<\/td><td class=\"has-text-align-center\" data-align=\"center\">550,00<\/td><td class=\"has-text-align-center\" data-align=\"center\">467,50<\/td><td class=\"has-text-align-center\" data-align=\"center\">412,50<\/td><td>357,50<\/td><td class=\"has-text-align-center\" data-align=\"center\">330,00<\/td><td class=\"has-text-align-center\" data-align=\"center\">302,50<\/td><td class=\"has-text-align-center\" data-align=\"center\">275,00<\/td><td class=\"has-text-align-center\" data-align=\"center\">247,50<\/td><td class=\"has-text-align-center\" data-align=\"center\">220,00<\/td><td class=\"has-text-align-center\" data-align=\"center\">192,50<\/td><td class=\"has-text-align-center\" data-align=\"center\">165,00<\/td><\/tr><\/tbody><\/table><\/figure>\n\n\n\n<p class=\"wp-block-paragraph\">(NR)<\/p>\n\n\n\n<p class=\"wp-block-paragraph\">Art. 2\u00ba&nbsp; Esta Portaria entrar\u00e1 em vigor na data de sua publica\u00e7\u00e3o, produzindo seus efeitos a partir do dia 1\u00ba de janeiro de 2006.<\/p>\n\n\n\n<p class=\"wp-block-paragraph\">Registre-se, Publique-se e Cumpra-se.<\/p>\n\n\n\n<p class=\"wp-block-paragraph\">Rio Branco-Acre, 29 de dezembro de 2005.<\/p>\n","protected":false},"excerpt":{"rendered":"<p>Alterar o c\u00f3digo 111115 da tabela do de valores do IPVA &#8211; Exerc\u00edcio de 2006.<\/p>\n","protected":false},"author":5,"featured_media":0,"comment_status":"closed","ping_status":"closed","sticky":false,"template":"","format":"standard","meta":{"_acf_changed":false,"footnotes":""},"categories":[3,33],"tags":[29],"class_list":["post-12660","post","type-post","status-publish","format-standard","hentry","category-legislacao","category-portarias","tag-ipva"],"acf":[],"_links":{"self":[{"href":"https:\/\/sefaz.ac.gov.br\/2021\/index.php?rest_route=\/wp\/v2\/posts\/12660","targetHints":{"allow":["GET"]}}],"collection":[{"href":"https:\/\/sefaz.ac.gov.br\/2021\/index.php?rest_route=\/wp\/v2\/posts"}],"about":[{"href":"https:\/\/sefaz.ac.gov.br\/2021\/index.php?rest_route=\/wp\/v2\/types\/post"}],"author":[{"embeddable":true,"href":"https:\/\/sefaz.ac.gov.br\/2021\/index.php?rest_route=\/wp\/v2\/users\/5"}],"replies":[{"embeddable":true,"href":"https:\/\/sefaz.ac.gov.br\/2021\/index.php?rest_route=%2Fwp%2Fv2%2Fcomments&post=12660"}],"version-history":[{"count":0,"href":"https:\/\/sefaz.ac.gov.br\/2021\/index.php?rest_route=\/wp\/v2\/posts\/12660\/revisions"}],"wp:attachment":[{"href":"https:\/\/sefaz.ac.gov.br\/2021\/index.php?rest_route=%2Fwp%2Fv2%2Fmedia&parent=12660"}],"wp:term":[{"taxonomy":"category","embeddable":true,"href":"https:\/\/sefaz.ac.gov.br\/2021\/index.php?rest_route=%2Fwp%2Fv2%2Fcategories&post=12660"},{"taxonomy":"post_tag","embeddable":true,"href":"https:\/\/sefaz.ac.gov.br\/2021\/index.php?rest_route=%2Fwp%2Fv2%2Ftags&post=12660"}],"curies":[{"name":"wp","href":"https:\/\/api.w.org\/{rel}","templated":true}]}}