{"id":12657,"date":"2005-11-28T13:24:36","date_gmt":"2005-11-28T15:24:36","guid":{"rendered":"http:\/\/sefaz.acre.gov.br:80\/2021\/?p=12657"},"modified":"2023-04-25T10:10:57","modified_gmt":"2023-04-25T13:10:57","slug":"portaria-no-342-de-28-de-novembro-de-2005","status":"publish","type":"post","link":"https:\/\/sefaz.ac.gov.br\/2021\/?p=12657","title":{"rendered":"PORTARIA N\u00ba 342, DE 28 DE NOVEMBRO DE 2005"},"content":{"rendered":"\n<p class=\"wp-block-paragraph\"><strong>O SECRET\u00c1RIO DE ESTADO DA FAZENDA E GEST\u00c3O P\u00daBLICA<\/strong>, no uso de suas atribui\u00e7\u00f5es legais, e nos termos da Lei Complementar n\u00ba 114, de 30 de dezembro de 2002,<\/p>\n\n\n\n<p class=\"wp-block-paragraph\"><strong>RESOLVE<\/strong>:<\/p>\n\n\n\n<p class=\"wp-block-paragraph\">Art. 1\u00ba&nbsp; Lan\u00e7ar o Imposto sobre a Propriedade de Ve\u00edculos Automotores \u2013 IPVA, para o exerc\u00edcio de 2006, conforme tabela anexa.<\/p>\n\n\n\n<p class=\"wp-block-paragraph\">Art. 2\u00ba&nbsp; O pagamento anual do Imposto sobre a Propriedade de Ve\u00edculos Automotores &#8211; IPVA, poder\u00e1 ser efetuado em cota \u00fanica, ou em tr\u00eas parcelas, de acordo com o algarismo final da placa na forma da tabela a seguir:<\/p>\n\n\n\n<figure class=\"wp-block-table\"><table><tbody><tr><td class=\"has-text-align-center\" data-align=\"center\"><strong>Ve\u00edculos com<\/strong> <strong>final de placa<\/strong><\/td><td class=\"has-text-align-center\" data-align=\"center\"><strong>Vencimento da cota \u00fanica ou 1\u00aa cota<\/strong><\/td><td class=\"has-text-align-center\" data-align=\"center\"><strong>Vencimento da<\/strong> <strong>2\u00aa cota<\/strong><\/td><td class=\"has-text-align-center\" data-align=\"center\"><strong>Vencimento da<\/strong><strong><\/strong> <strong>3\u00aa cota<\/strong><\/td><\/tr><tr><td class=\"has-text-align-center\" data-align=\"center\">1 e 2<\/td><td class=\"has-text-align-center\" data-align=\"center\">31.01<\/td><td class=\"has-text-align-center\" data-align=\"center\">24.02<\/td><td class=\"has-text-align-center\" data-align=\"center\">31.03<\/td><\/tr><tr><td class=\"has-text-align-center\" data-align=\"center\">3 e 4<\/td><td class=\"has-text-align-center\" data-align=\"center\">24.02<\/td><td class=\"has-text-align-center\" data-align=\"center\">31.03<\/td><td class=\"has-text-align-center\" data-align=\"center\">28.04<\/td><\/tr><tr><td class=\"has-text-align-center\" data-align=\"center\">5<\/td><td class=\"has-text-align-center\" data-align=\"center\">31.03<\/td><td class=\"has-text-align-center\" data-align=\"center\">28.04<\/td><td class=\"has-text-align-center\" data-align=\"center\">31.05<\/td><\/tr><tr><td class=\"has-text-align-center\" data-align=\"center\">6<\/td><td class=\"has-text-align-center\" data-align=\"center\">28.04<\/td><td class=\"has-text-align-center\" data-align=\"center\">31.05<\/td><td class=\"has-text-align-center\" data-align=\"center\">30.06<\/td><\/tr><tr><td class=\"has-text-align-center\" data-align=\"center\">7<\/td><td class=\"has-text-align-center\" data-align=\"center\">31.05<\/td><td class=\"has-text-align-center\" data-align=\"center\">30.06<\/td><td class=\"has-text-align-center\" data-align=\"center\">31.07<\/td><\/tr><tr><td class=\"has-text-align-center\" data-align=\"center\">8<\/td><td class=\"has-text-align-center\" data-align=\"center\">30.06<\/td><td class=\"has-text-align-center\" data-align=\"center\">31.07<\/td><td class=\"has-text-align-center\" data-align=\"center\">31.08<\/td><\/tr><tr><td class=\"has-text-align-center\" data-align=\"center\">9<\/td><td class=\"has-text-align-center\" data-align=\"center\">31.07<\/td><td class=\"has-text-align-center\" data-align=\"center\">31.08<\/td><td class=\"has-text-align-center\" data-align=\"center\">29.09<\/td><\/tr><tr><td class=\"has-text-align-center\" data-align=\"center\">0<\/td><td class=\"has-text-align-center\" data-align=\"center\">31.08<\/td><td class=\"has-text-align-center\" data-align=\"center\">29.09<\/td><td class=\"has-text-align-center\" data-align=\"center\">31.10<\/td><\/tr><\/tbody><\/table><\/figure>\n\n\n\n<p class=\"wp-block-paragraph\">\u00a7&nbsp; 1\u00ba&nbsp; O pagamento do imposto em cota \u00fanica, at\u00e9 o vencimento, ter\u00e1 redu\u00e7\u00e3o de 10% (dez por cento).<\/p>\n\n\n\n<p class=\"wp-block-paragraph\">\u00a7 2\u00ba&nbsp; Em caso de parcelamento, o valor de cada parcela obedecer\u00e1 os seguintes crit\u00e9rios:<\/p>\n\n\n\n<p class=\"wp-block-paragraph\">I &#8211; 1\u00aa parcela correspondente a 33,34% (trinta e tr\u00eas inteiros e trinta e quatro cent\u00e9simos &nbsp;por cento) do valor do imposto.<\/p>\n\n\n\n<p class=\"wp-block-paragraph\">II &#8211;&nbsp; 2\u00aa &nbsp;e 3\u00aa parcelas correspondentes a 33,33% (trinta e tr\u00eas inteiros e trinta e tr\u00eas cent\u00e9simos por cento) do valor do imposto, respectivamente.<\/p>\n\n\n\n<p class=\"wp-block-paragraph\">&nbsp;\u00a7 3\u00ba&nbsp; A parcela n\u00e3o poder\u00e1 ser inferior a R$ 20,00 (vinte reais).<\/p>\n\n\n\n<p class=\"wp-block-paragraph\">Art. 3\u00ba&nbsp; A Secretaria de Estado da Fazenda e Gest\u00e3o P\u00fablica remeter\u00e1 aos propriet\u00e1rios de ve\u00edculos automotores, carn\u00ea devidamente preenchido, inclusive com data prefixada para o pagamento.<\/p>\n\n\n\n<p class=\"wp-block-paragraph\">Par\u00e1grafo \u00fanico.&nbsp; Se o propriet\u00e1rio do ve\u00edculo n\u00e3o receber o carn\u00ea at\u00e9 a data prevista para o pagamento do IPVA, dever\u00e1 procurar o Posto Fiscal do IPVA no Departamento Estadual de Transito do Acre \u2013 DETRAN-AC ou Ag\u00eancia da Secretaria de Estado da Fazenda e Gest\u00e3o P\u00fablica do seu Munic\u00edpio.<\/p>\n\n\n\n<p class=\"wp-block-paragraph\">Art. 4\u00ba&nbsp; Esta Portaria entrar\u00e1 em vigor na data de sua publica\u00e7\u00e3o, produzindo seus efeitos a partir do dia 1\u00ba de janeiro de 2006.<\/p>\n\n\n\n<p class=\"wp-block-paragraph\">Registre-se, Publique-se e Cumpra-se.<\/p>\n\n\n\n<p class=\"wp-block-paragraph\">Rio Branco-Acre,&nbsp; 28 de novembro&nbsp; de 2005.<\/p>\n","protected":false},"excerpt":{"rendered":"<p>Lan\u00e7ar o Imposto sobre a Propriedade de Ve\u00edculos Automotores \u2013 IPVA, para o exerc\u00edcio de 2006.<\/p>\n","protected":false},"author":5,"featured_media":0,"comment_status":"closed","ping_status":"closed","sticky":false,"template":"","format":"standard","meta":{"_acf_changed":false,"footnotes":""},"categories":[3,33],"tags":[29],"class_list":["post-12657","post","type-post","status-publish","format-standard","hentry","category-legislacao","category-portarias","tag-ipva"],"acf":[],"_links":{"self":[{"href":"https:\/\/sefaz.ac.gov.br\/2021\/index.php?rest_route=\/wp\/v2\/posts\/12657","targetHints":{"allow":["GET"]}}],"collection":[{"href":"https:\/\/sefaz.ac.gov.br\/2021\/index.php?rest_route=\/wp\/v2\/posts"}],"about":[{"href":"https:\/\/sefaz.ac.gov.br\/2021\/index.php?rest_route=\/wp\/v2\/types\/post"}],"author":[{"embeddable":true,"href":"https:\/\/sefaz.ac.gov.br\/2021\/index.php?rest_route=\/wp\/v2\/users\/5"}],"replies":[{"embeddable":true,"href":"https:\/\/sefaz.ac.gov.br\/2021\/index.php?rest_route=%2Fwp%2Fv2%2Fcomments&post=12657"}],"version-history":[{"count":0,"href":"https:\/\/sefaz.ac.gov.br\/2021\/index.php?rest_route=\/wp\/v2\/posts\/12657\/revisions"}],"wp:attachment":[{"href":"https:\/\/sefaz.ac.gov.br\/2021\/index.php?rest_route=%2Fwp%2Fv2%2Fmedia&parent=12657"}],"wp:term":[{"taxonomy":"category","embeddable":true,"href":"https:\/\/sefaz.ac.gov.br\/2021\/index.php?rest_route=%2Fwp%2Fv2%2Fcategories&post=12657"},{"taxonomy":"post_tag","embeddable":true,"href":"https:\/\/sefaz.ac.gov.br\/2021\/index.php?rest_route=%2Fwp%2Fv2%2Ftags&post=12657"}],"curies":[{"name":"wp","href":"https:\/\/api.w.org\/{rel}","templated":true}]}}