{"id":12641,"date":"2004-12-14T12:47:06","date_gmt":"2004-12-14T14:47:06","guid":{"rendered":"http:\/\/sefaz.acre.gov.br:80\/2021\/?p=12641"},"modified":"2023-04-24T12:02:40","modified_gmt":"2023-04-24T15:02:40","slug":"portaria-no-408-de-14-de-dezembro-de-2004","status":"publish","type":"post","link":"https:\/\/sefaz.ac.gov.br\/2021\/?p=12641","title":{"rendered":"PORTARIA N\u00ba 408, DE 14 DE DEZEMBRO DE 2004"},"content":{"rendered":"\n<p class=\"wp-block-paragraph\"><strong>O SECRET\u00c1RIO DE ESTADO DA FAZENDA E GEST\u00c3O P\u00daBLICA<\/strong>, no uso de suas atribui\u00e7\u00f5es legais na forma do Decreto 183\/75 definidas no regimento interno e amparado nas disposi\u00e7\u00f5es do art. 14, I, II, da Lei Complementar n\u00ba 55, de 09 de julho de 1997,<\/p>\n\n\n\n<p class=\"wp-block-paragraph\"><strong>R E S O L V E<\/strong>:<\/p>\n\n\n\n<p class=\"wp-block-paragraph\">Art. 1\u00ba&nbsp; Acrescentar ao item 23, subitens 23.34 e 23.35, constantes no anexo I da Portaria n\u00ba 272, de 25 de agosto de 2004, que estabelece a Pauta de Pre\u00e7os M\u00ednimos, que serve de base de c\u00e1lculo do ICMS, na entrada e sa\u00edda dos produtos que especifica:<\/p>\n\n\n\n<p class=\"wp-block-paragraph\"><strong>PRODUTOS FLORESTAIS CERTIFICADOS DE ORIGEM COMUNIT\u00c1RIA<\/strong><\/p>\n\n\n\n<figure class=\"wp-block-table\"><table><thead><tr><td>23.34<\/td><td>Blocos<\/td><td>M<sup>3<\/sup><\/td><td>150,00<\/td><\/tr><tr><td>23.35<\/td><td>Blocos e pranchas serrados por motosserra<\/td><td>M<sup>3<\/sup><\/td><td>120,00<\/td><\/tr><\/thead><\/table><\/figure>\n\n\n\n<p class=\"wp-block-paragraph\">OBS: Nas sa\u00eddas dos produtos florestais madeireiros certificados, as entidades benefici\u00e1rias devem comprovar, serem detentoras da Certifica\u00e7\u00e3o Florestal de Origem de Sistemas reconhecidos internacionalmente (Sistemas FSC, CERFLOR e Pan Europeu) e a cadeia de Cust\u00f3dia de cada lote.<\/p>\n\n\n\n<p class=\"wp-block-paragraph\">Art. 2\u00ba Esta Portaria entrar\u00e1 em vigor na data de sua publica\u00e7\u00e3o.<\/p>\n\n\n\n<p class=\"wp-block-paragraph\">Registre-se, Publique-se, Cumpra-se.<\/p>\n\n\n\n<p class=\"wp-block-paragraph\">Rio Branco-Acre, 14 de dezembro de 2004.<\/p>\n","protected":false},"excerpt":{"rendered":"<p>Acrescentar ao item 23, subitens 23.34 e 23.35, constantes no anexo I da Portaria n\u00ba 272, de 25 de agosto de 2004, que estabelece a Pauta de Pre\u00e7os M\u00ednimos, que serve de base de c\u00e1lculo do ICMS.<\/p>\n","protected":false},"author":5,"featured_media":0,"comment_status":"closed","ping_status":"closed","sticky":false,"template":"","format":"standard","meta":{"_acf_changed":false,"footnotes":""},"categories":[3,33],"tags":[35],"class_list":["post-12641","post","type-post","status-publish","format-standard","hentry","category-legislacao","category-portarias","tag-icms"],"acf":[],"_links":{"self":[{"href":"https:\/\/sefaz.ac.gov.br\/2021\/index.php?rest_route=\/wp\/v2\/posts\/12641","targetHints":{"allow":["GET"]}}],"collection":[{"href":"https:\/\/sefaz.ac.gov.br\/2021\/index.php?rest_route=\/wp\/v2\/posts"}],"about":[{"href":"https:\/\/sefaz.ac.gov.br\/2021\/index.php?rest_route=\/wp\/v2\/types\/post"}],"author":[{"embeddable":true,"href":"https:\/\/sefaz.ac.gov.br\/2021\/index.php?rest_route=\/wp\/v2\/users\/5"}],"replies":[{"embeddable":true,"href":"https:\/\/sefaz.ac.gov.br\/2021\/index.php?rest_route=%2Fwp%2Fv2%2Fcomments&post=12641"}],"version-history":[{"count":0,"href":"https:\/\/sefaz.ac.gov.br\/2021\/index.php?rest_route=\/wp\/v2\/posts\/12641\/revisions"}],"wp:attachment":[{"href":"https:\/\/sefaz.ac.gov.br\/2021\/index.php?rest_route=%2Fwp%2Fv2%2Fmedia&parent=12641"}],"wp:term":[{"taxonomy":"category","embeddable":true,"href":"https:\/\/sefaz.ac.gov.br\/2021\/index.php?rest_route=%2Fwp%2Fv2%2Fcategories&post=12641"},{"taxonomy":"post_tag","embeddable":true,"href":"https:\/\/sefaz.ac.gov.br\/2021\/index.php?rest_route=%2Fwp%2Fv2%2Ftags&post=12641"}],"curies":[{"name":"wp","href":"https:\/\/api.w.org\/{rel}","templated":true}]}}