{"id":12589,"date":"2003-12-31T10:29:20","date_gmt":"2003-12-31T12:29:20","guid":{"rendered":"http:\/\/sefaz.acre.gov.br:80\/2021\/?p=12589"},"modified":"2023-04-24T11:43:00","modified_gmt":"2023-04-24T14:43:00","slug":"portaria-no-302-de-31-de-dezembro-de-2003","status":"publish","type":"post","link":"https:\/\/sefaz.ac.gov.br\/2021\/?p=12589","title":{"rendered":"PORTARIA N\u00ba 302 DE 31 DE DEZEMBRO DE 2003"},"content":{"rendered":"\n<p class=\"wp-block-paragraph\"><strong>O SECRET\u00c1RIO DE ESTADO DA FAZENDA E GEST\u00c3O P\u00daBLICA<\/strong>, no uso de suas atribui\u00e7\u00f5es legais, e nos termos da Lei Complementar n\u00ba 114, de 30 de dezembro de 2002,<\/p>\n\n\n\n<p class=\"wp-block-paragraph\"><strong>RESOLVE:<\/strong><\/p>\n\n\n\n<p class=\"wp-block-paragraph\">Art. 1\u00ba Lan\u00e7ar o Imposto sobre a Propriedade de Ve\u00edculos Automotores \u2013 IPVA, para o exerc\u00edcio de 2004, conforme tabela anexa.<\/p>\n\n\n\n<p class=\"wp-block-paragraph\">Art. 2\u00ba O pagamento anual do Imposto sobre a Propriedade de Ve\u00edculos Automotores \u2013 IPVA, poder\u00e1 ser efetuado em cota \u00fanica, ou em tr\u00eas parcelas, de acordo com o algarismo final da placa na forma da tabela a seguir:<\/p>\n\n\n\n<figure class=\"wp-block-table\"><table><thead><tr><th class=\"has-text-align-center\" data-align=\"center\">Ve\u00edculos com final de placa<\/th><th class=\"has-text-align-center\" data-align=\"center\">Vencimento da cota \u00fanica ou 1\u00aa parcela<\/th><th class=\"has-text-align-center\" data-align=\"center\">Vencimento da 2\u00aa parcela<\/th><th class=\"has-text-align-center\" data-align=\"center\">Vencimento da 3\u00aa parcela<\/th><\/tr><\/thead><tbody><tr><td class=\"has-text-align-center\" data-align=\"center\">1 e 2<\/td><td class=\"has-text-align-center\" data-align=\"center\">30.01<\/td><td class=\"has-text-align-center\" data-align=\"center\">27.02<\/td><td class=\"has-text-align-center\" data-align=\"center\">31.03<\/td><\/tr><tr><td class=\"has-text-align-center\" data-align=\"center\">3 e 4<\/td><td class=\"has-text-align-center\" data-align=\"center\">27.02<\/td><td class=\"has-text-align-center\" data-align=\"center\">31.03<\/td><td class=\"has-text-align-center\" data-align=\"center\">30.04<\/td><\/tr><tr><td class=\"has-text-align-center\" data-align=\"center\">5<\/td><td class=\"has-text-align-center\" data-align=\"center\">31.03<\/td><td class=\"has-text-align-center\" data-align=\"center\">30.04<\/td><td class=\"has-text-align-center\" data-align=\"center\">31.05<\/td><\/tr><tr><td class=\"has-text-align-center\" data-align=\"center\">6<\/td><td class=\"has-text-align-center\" data-align=\"center\">30.04<\/td><td class=\"has-text-align-center\" data-align=\"center\">31.05<\/td><td class=\"has-text-align-center\" data-align=\"center\">30.06<\/td><\/tr><tr><td class=\"has-text-align-center\" data-align=\"center\">7<\/td><td class=\"has-text-align-center\" data-align=\"center\">31.05<\/td><td class=\"has-text-align-center\" data-align=\"center\">30.06<\/td><td class=\"has-text-align-center\" data-align=\"center\">30.07<\/td><\/tr><tr><td class=\"has-text-align-center\" data-align=\"center\">8<\/td><td class=\"has-text-align-center\" data-align=\"center\">30.06<\/td><td class=\"has-text-align-center\" data-align=\"center\">30.07<\/td><td class=\"has-text-align-center\" data-align=\"center\">31.08<\/td><\/tr><tr><td class=\"has-text-align-center\" data-align=\"center\">9<\/td><td class=\"has-text-align-center\" data-align=\"center\">30.07<\/td><td class=\"has-text-align-center\" data-align=\"center\">31.08<\/td><td class=\"has-text-align-center\" data-align=\"center\">30.09<\/td><\/tr><tr><td class=\"has-text-align-center\" data-align=\"center\">0<\/td><td class=\"has-text-align-center\" data-align=\"center\">31.08<\/td><td class=\"has-text-align-center\" data-align=\"center\">30.09<\/td><td class=\"has-text-align-center\" data-align=\"center\">29.10<\/td><\/tr><\/tbody><\/table><\/figure>\n\n\n\n<p class=\"wp-block-paragraph\">\u00a7 1\u00ba O pagamento do imposto em cota \u00fanica, at\u00e9 o vencimento, ter\u00e1 redu\u00e7\u00e3o de 10% ( dez por cento ).<\/p>\n\n\n\n<p class=\"wp-block-paragraph\">\u00a7 2\u00ba Em caso de parcelamento, o valor de cada parcela obedecer\u00e1 os seguintes crit\u00e9rios:<\/p>\n\n\n\n<p class=\"wp-block-paragraph\">I- 1\u00aa parcela correspondente a 40% (quarenta por cento) do valor do imposto;<\/p>\n\n\n\n<p class=\"wp-block-paragraph\">II- 2\u00aa parcela correspondente a 30 % (trinta por cento) do valor do imposto;<\/p>\n\n\n\n<p class=\"wp-block-paragraph\">III-3\u00aa parcela correspondente a 30 % (trinta por cento) do valor do imposto.<\/p>\n\n\n\n<p class=\"wp-block-paragraph\">\u00a7 3\u00ba A parcela n\u00e3o poder\u00e1 ser inferior a R$ 20,00 (vinte reais).<\/p>\n\n\n\n<p class=\"wp-block-paragraph\">Art. 3\u00ba A Secretaria da Fazenda remeter\u00e1 aos propriet\u00e1rios de ve\u00edculos automotores, carn\u00ea devidamente preenchido, inclusive com data prefixada para o pagamento.<\/p>\n\n\n\n<p class=\"wp-block-paragraph\">Par\u00e1grafo \u00fanico. Se o propriet\u00e1rio do ve\u00edculo n\u00e3o receber seu carn\u00ea at\u00e9 a data prevista para o pagamento do IPVA, dever\u00e1 procurar o Posto Fiscal do IPVA no Departamento de Transito do Estado do Acre ou Ag\u00eancia da Secretaria de Estado da Fazenda e Gest\u00e3o P\u00fablica do seu munic\u00edpio.<\/p>\n\n\n\n<p class=\"wp-block-paragraph\">Art. 4\u00ba Esta Portaria entrar\u00e1 em vigor na data de sua publica\u00e7\u00e3o, produzindo seus efeitos a partir do dia 1\u00ba de janeiro de 2004.<\/p>\n\n\n\n<p class=\"wp-block-paragraph\">Registre- se, Publique- se, Cumpra- se.<\/p>\n\n\n\n<p class=\"wp-block-paragraph\">Rio Branco- Acre, 31 de Dezembro de 2003.<\/p>\n","protected":false},"excerpt":{"rendered":"<p>Lan\u00e7a o Imposto sobre a Propriedade de Ve\u00edculos Automotores &#8211; IPVA para o exerc\u00edcio de 2004.<\/p>\n","protected":false},"author":5,"featured_media":0,"comment_status":"closed","ping_status":"closed","sticky":false,"template":"","format":"standard","meta":{"_acf_changed":false,"footnotes":""},"categories":[3,33],"tags":[29],"class_list":["post-12589","post","type-post","status-publish","format-standard","hentry","category-legislacao","category-portarias","tag-ipva"],"acf":[],"_links":{"self":[{"href":"https:\/\/sefaz.ac.gov.br\/2021\/index.php?rest_route=\/wp\/v2\/posts\/12589","targetHints":{"allow":["GET"]}}],"collection":[{"href":"https:\/\/sefaz.ac.gov.br\/2021\/index.php?rest_route=\/wp\/v2\/posts"}],"about":[{"href":"https:\/\/sefaz.ac.gov.br\/2021\/index.php?rest_route=\/wp\/v2\/types\/post"}],"author":[{"embeddable":true,"href":"https:\/\/sefaz.ac.gov.br\/2021\/index.php?rest_route=\/wp\/v2\/users\/5"}],"replies":[{"embeddable":true,"href":"https:\/\/sefaz.ac.gov.br\/2021\/index.php?rest_route=%2Fwp%2Fv2%2Fcomments&post=12589"}],"version-history":[{"count":0,"href":"https:\/\/sefaz.ac.gov.br\/2021\/index.php?rest_route=\/wp\/v2\/posts\/12589\/revisions"}],"wp:attachment":[{"href":"https:\/\/sefaz.ac.gov.br\/2021\/index.php?rest_route=%2Fwp%2Fv2%2Fmedia&parent=12589"}],"wp:term":[{"taxonomy":"category","embeddable":true,"href":"https:\/\/sefaz.ac.gov.br\/2021\/index.php?rest_route=%2Fwp%2Fv2%2Fcategories&post=12589"},{"taxonomy":"post_tag","embeddable":true,"href":"https:\/\/sefaz.ac.gov.br\/2021\/index.php?rest_route=%2Fwp%2Fv2%2Ftags&post=12589"}],"curies":[{"name":"wp","href":"https:\/\/api.w.org\/{rel}","templated":true}]}}