{"id":12586,"date":"2003-11-03T10:21:16","date_gmt":"2003-11-03T12:21:16","guid":{"rendered":"http:\/\/sefaz.acre.gov.br:80\/2021\/?p=12586"},"modified":"2023-04-24T11:38:45","modified_gmt":"2023-04-24T14:38:45","slug":"portaria-no-266-de-03-de-novembro-de-2003","status":"publish","type":"post","link":"https:\/\/sefaz.ac.gov.br\/2021\/?p=12586","title":{"rendered":"PORTARIA N\u00ba 266 DE 03 DE NOVEMBRO DE 2003 (Revogada)"},"content":{"rendered":"\n<p class=\"wp-block-paragraph\"><strong>O SECRET\u00c1RIO DE ESTADO DA FAZENDA E GEST\u00c3O P\u00daBLICA<\/strong>, no uso de suas atribui\u00e7\u00f5es legais,<\/p>\n\n\n\n<p class=\"wp-block-paragraph\"><strong>RESOLVE:<\/strong><\/p>\n\n\n\n<p class=\"wp-block-paragraph\"><strong>Art. 1<\/strong>\u00ba &nbsp;&nbsp;Fica prorrogado at\u00e9 o dia 31 de dezembro de 2003, os efeitos da portaria n.<sup>\u00ba<\/sup> 115 de 15 de abril de 2002, que disp\u00f5e sobre a redu\u00e7\u00e3o da base de c\u00e1lculo do ICMS nas opera\u00e7\u00f5es com ve\u00edculos automotores novos.<\/p>\n\n\n\n<p class=\"wp-block-paragraph\"><strong>Art. 2<\/strong>\u00ba &nbsp;Esta Portaria entrar\u00e1 em vigor na data de sua publica\u00e7\u00e3o, com efeito retroativo \u00e0 l\u00ba de novembro de 2003.<\/p>\n\n\n\n<p class=\"wp-block-paragraph\">D\u00ea-se Ci\u00eancia, Publique-se e Cumpra-se.<\/p>\n\n\n\n<p class=\"wp-block-paragraph\">Rio Branco &#8211; Acre, 03 de novembro de 2003.<\/p>\n","protected":false},"excerpt":{"rendered":"<p>Prorrogar as disposi\u00e7\u00f5es da Portaria n\u00b0 115, de 15 de abril de 2002.<\/p>\n","protected":false},"author":5,"featured_media":0,"comment_status":"closed","ping_status":"closed","sticky":false,"template":"","format":"standard","meta":{"_acf_changed":false,"footnotes":""},"categories":[3,33],"tags":[35],"class_list":["post-12586","post","type-post","status-publish","format-standard","hentry","category-legislacao","category-portarias","tag-icms"],"acf":[],"_links":{"self":[{"href":"https:\/\/sefaz.ac.gov.br\/2021\/index.php?rest_route=\/wp\/v2\/posts\/12586","targetHints":{"allow":["GET"]}}],"collection":[{"href":"https:\/\/sefaz.ac.gov.br\/2021\/index.php?rest_route=\/wp\/v2\/posts"}],"about":[{"href":"https:\/\/sefaz.ac.gov.br\/2021\/index.php?rest_route=\/wp\/v2\/types\/post"}],"author":[{"embeddable":true,"href":"https:\/\/sefaz.ac.gov.br\/2021\/index.php?rest_route=\/wp\/v2\/users\/5"}],"replies":[{"embeddable":true,"href":"https:\/\/sefaz.ac.gov.br\/2021\/index.php?rest_route=%2Fwp%2Fv2%2Fcomments&post=12586"}],"version-history":[{"count":0,"href":"https:\/\/sefaz.ac.gov.br\/2021\/index.php?rest_route=\/wp\/v2\/posts\/12586\/revisions"}],"wp:attachment":[{"href":"https:\/\/sefaz.ac.gov.br\/2021\/index.php?rest_route=%2Fwp%2Fv2%2Fmedia&parent=12586"}],"wp:term":[{"taxonomy":"category","embeddable":true,"href":"https:\/\/sefaz.ac.gov.br\/2021\/index.php?rest_route=%2Fwp%2Fv2%2Fcategories&post=12586"},{"taxonomy":"post_tag","embeddable":true,"href":"https:\/\/sefaz.ac.gov.br\/2021\/index.php?rest_route=%2Fwp%2Fv2%2Ftags&post=12586"}],"curies":[{"name":"wp","href":"https:\/\/api.w.org\/{rel}","templated":true}]}}