{"id":12568,"date":"2003-07-14T10:11:30","date_gmt":"2003-07-14T13:11:30","guid":{"rendered":"http:\/\/sefaz.acre.gov.br:80\/2021\/?p=12568"},"modified":"2023-04-24T11:31:54","modified_gmt":"2023-04-24T14:31:54","slug":"portaria-no-185-de-14-de-julho-de-2003","status":"publish","type":"post","link":"https:\/\/sefaz.ac.gov.br\/2021\/?p=12568","title":{"rendered":"PORTARIA N\u00ba 185, DE 14 DE JULHO DE 2003"},"content":{"rendered":"\n<p class=\"wp-block-paragraph\"><strong>O Secret\u00e1rio Executivo de Finan\u00e7as e Gest\u00e3o P\u00fablica<\/strong>, no uso das atribui\u00e7\u00f5es que lhe foram conferidas atrav\u00e9s da Portaria&nbsp; n.\u00ba 006, de 15 de janeiro de 2003, e tendo em vista o disposto no nos artigos 359 e 360 do Decreto n<sup>\u00ba <\/sup>os, de 26 de janeiro de 1998,<\/p>\n\n\n\n<p class=\"wp-block-paragraph\"><strong>Considerando<\/strong> o desenvolvimento do novo Sistema de Administra\u00e7\u00e3o Tribut\u00e1ria &#8211; &nbsp;SIAT,<\/p>\n\n\n\n<p class=\"wp-block-paragraph\"><strong>Considerando<\/strong> as altera\u00e7\u00f5es introduzidas para atendimento das informa\u00e7\u00f5es de apura\u00e7\u00e3o mensal das empresas contempladas pela pol\u00edtica de Incentivos \u00e0s Atividades Industriais no Estado do Acre,<\/p>\n\n\n\n<p class=\"wp-block-paragraph\"><strong>RESOLVE:<\/strong><\/p>\n\n\n\n<p class=\"wp-block-paragraph\"><strong>Art. 1\u00ba<\/strong> Aprova o modelo do Demonstrativo de Apura\u00e7\u00e3o Mensal &#8211; DAM, destinado \u00e0s presta\u00e7\u00f5es de informa\u00e7\u00f5es de apura\u00e7\u00f5es mensais do ICMS pelo contribuinte inscrito no Cadastro do Estado do Acre ao Fisco Estadual, conforme anexo I desta Portaria.<\/p>\n\n\n\n<p class=\"wp-block-paragraph\"><strong>Art. 2\u00ba<\/strong> Ficam os estabelecimentos gr\u00e1ficos autorizados a imprimir o Demonstrativo de Apura\u00e7\u00e3o Mensal &#8211; DAM, em papel de tamanho 210x297mm, com 02 (duas) vias, de acordo com o modelo aprovado nesta Portaria.<\/p>\n\n\n\n<p class=\"wp-block-paragraph\"><strong>Art. 3\u00ba<\/strong> &nbsp;&nbsp;Esta Portaria entrar\u00e1 em vigor na data de sua publica\u00e7\u00e3o, revogada a Portaria n.<sup>\u00ba <\/sup>044, de 16 de mar\u00e7o de 1990.<\/p>\n\n\n\n<p class=\"wp-block-paragraph\">Registre-se, Publique-se e Cumpra-se.<\/p>\n\n\n\n<p class=\"wp-block-paragraph\">Rio Branco &#8211; Acre, 14 de julho de 2003.<\/p>\n","protected":false},"excerpt":{"rendered":"<p>Aprova o modelo do Demonstrativo de Apura\u00e7\u00e3o Mensal &#8211; DAM, destinado \u00e0s presta\u00e7\u00f5es de informa\u00e7\u00f5es de apura\u00e7\u00f5es mensais do ICMS.<\/p>\n","protected":false},"author":5,"featured_media":0,"comment_status":"closed","ping_status":"closed","sticky":false,"template":"","format":"standard","meta":{"_acf_changed":false,"footnotes":""},"categories":[3,33],"tags":[89,35],"class_list":["post-12568","post","type-post","status-publish","format-standard","hentry","category-legislacao","category-portarias","tag-dam","tag-icms"],"acf":[],"_links":{"self":[{"href":"https:\/\/sefaz.ac.gov.br\/2021\/index.php?rest_route=\/wp\/v2\/posts\/12568","targetHints":{"allow":["GET"]}}],"collection":[{"href":"https:\/\/sefaz.ac.gov.br\/2021\/index.php?rest_route=\/wp\/v2\/posts"}],"about":[{"href":"https:\/\/sefaz.ac.gov.br\/2021\/index.php?rest_route=\/wp\/v2\/types\/post"}],"author":[{"embeddable":true,"href":"https:\/\/sefaz.ac.gov.br\/2021\/index.php?rest_route=\/wp\/v2\/users\/5"}],"replies":[{"embeddable":true,"href":"https:\/\/sefaz.ac.gov.br\/2021\/index.php?rest_route=%2Fwp%2Fv2%2Fcomments&post=12568"}],"version-history":[{"count":0,"href":"https:\/\/sefaz.ac.gov.br\/2021\/index.php?rest_route=\/wp\/v2\/posts\/12568\/revisions"}],"wp:attachment":[{"href":"https:\/\/sefaz.ac.gov.br\/2021\/index.php?rest_route=%2Fwp%2Fv2%2Fmedia&parent=12568"}],"wp:term":[{"taxonomy":"category","embeddable":true,"href":"https:\/\/sefaz.ac.gov.br\/2021\/index.php?rest_route=%2Fwp%2Fv2%2Fcategories&post=12568"},{"taxonomy":"post_tag","embeddable":true,"href":"https:\/\/sefaz.ac.gov.br\/2021\/index.php?rest_route=%2Fwp%2Fv2%2Ftags&post=12568"}],"curies":[{"name":"wp","href":"https:\/\/api.w.org\/{rel}","templated":true}]}}