{"id":12558,"date":"2003-06-30T10:07:54","date_gmt":"2003-06-30T13:07:54","guid":{"rendered":"http:\/\/sefaz.acre.gov.br:80\/2021\/?p=12558"},"modified":"2023-04-24T11:29:20","modified_gmt":"2023-04-24T14:29:20","slug":"portaria-no-172-de-30-de-junho-de-2003","status":"publish","type":"post","link":"https:\/\/sefaz.ac.gov.br\/2021\/?p=12558","title":{"rendered":"PORTARIA N\u00ba 172, DE 30 DE JUNHO DE 2003 (Revogada)"},"content":{"rendered":"\n<p class=\"wp-block-paragraph\"><strong>O SECRET\u00c1RIO EXECUTIVO DE FINAN\u00c7AS E GEST\u00c3O P\u00daBLICA,<\/strong> no uso das atribui\u00e7\u00f5es que lhe foram conferidas atrav\u00e9s da Portaria n\u00b0 006, de 15 de janeiro de 2003,<\/p>\n\n\n\n<p class=\"wp-block-paragraph\"><strong>RESOLVE<\/strong>:<\/p>\n\n\n\n<p class=\"wp-block-paragraph\"><strong>Art. 1\u00b0<\/strong> &nbsp;&nbsp;Fica prorrogado at\u00e9 o dia 30 de setembro de 2003, os efeitos da Portaria n.\u00ba293, de 23 de outubro de 2002, que disp\u00f5e sobre a redu\u00e7\u00e3o da base de c\u00e1lculo do ICMS nas opera\u00e7\u00f5es internas com ve\u00edculos automotores novos, fabricados pela MMC Automotores do Brasil S.A. classificados no c\u00f3digos da NBM-SH relacionados no Anexo \u00danico do Conv\u00eanio ICMS 50\/99<em>.<\/em><\/p>\n\n\n\n<p class=\"wp-block-paragraph\"><strong>Art.2\u00ba <\/strong>&nbsp;Esta Portaria entrar\u00e1 em vigor na data de sua publica\u00e7\u00e3o.<\/p>\n\n\n\n<p class=\"wp-block-paragraph\">D\u00ea-se Ci\u00eancia, Publique-se e Cumpra-se.<\/p>\n\n\n\n<p class=\"wp-block-paragraph\">Rio Branco Acre, 30 de junho de 2003.<\/p>\n","protected":false},"excerpt":{"rendered":"<p>Prorrogar as disposi\u00e7\u00f5es da Portaria n\u00ba  293, de 23 de outubro de 2002.<\/p>\n","protected":false},"author":5,"featured_media":0,"comment_status":"closed","ping_status":"closed","sticky":false,"template":"","format":"standard","meta":{"_acf_changed":false,"footnotes":""},"categories":[3,33],"tags":[35],"class_list":["post-12558","post","type-post","status-publish","format-standard","hentry","category-legislacao","category-portarias","tag-icms"],"acf":[],"_links":{"self":[{"href":"https:\/\/sefaz.ac.gov.br\/2021\/index.php?rest_route=\/wp\/v2\/posts\/12558","targetHints":{"allow":["GET"]}}],"collection":[{"href":"https:\/\/sefaz.ac.gov.br\/2021\/index.php?rest_route=\/wp\/v2\/posts"}],"about":[{"href":"https:\/\/sefaz.ac.gov.br\/2021\/index.php?rest_route=\/wp\/v2\/types\/post"}],"author":[{"embeddable":true,"href":"https:\/\/sefaz.ac.gov.br\/2021\/index.php?rest_route=\/wp\/v2\/users\/5"}],"replies":[{"embeddable":true,"href":"https:\/\/sefaz.ac.gov.br\/2021\/index.php?rest_route=%2Fwp%2Fv2%2Fcomments&post=12558"}],"version-history":[{"count":0,"href":"https:\/\/sefaz.ac.gov.br\/2021\/index.php?rest_route=\/wp\/v2\/posts\/12558\/revisions"}],"wp:attachment":[{"href":"https:\/\/sefaz.ac.gov.br\/2021\/index.php?rest_route=%2Fwp%2Fv2%2Fmedia&parent=12558"}],"wp:term":[{"taxonomy":"category","embeddable":true,"href":"https:\/\/sefaz.ac.gov.br\/2021\/index.php?rest_route=%2Fwp%2Fv2%2Fcategories&post=12558"},{"taxonomy":"post_tag","embeddable":true,"href":"https:\/\/sefaz.ac.gov.br\/2021\/index.php?rest_route=%2Fwp%2Fv2%2Ftags&post=12558"}],"curies":[{"name":"wp","href":"https:\/\/api.w.org\/{rel}","templated":true}]}}