{"id":12546,"date":"2003-05-08T09:41:10","date_gmt":"2003-05-08T12:41:10","guid":{"rendered":"http:\/\/sefaz.acre.gov.br:80\/2021\/?p=12546"},"modified":"2023-04-24T11:25:20","modified_gmt":"2023-04-24T14:25:20","slug":"portaria-no-124-de-08-de-maio-de-2003","status":"publish","type":"post","link":"https:\/\/sefaz.ac.gov.br\/2021\/?p=12546","title":{"rendered":"PORTARIA N\u00ba 124, DE 08 DE MAIO DE 2003 (Revogada)"},"content":{"rendered":"\n<p class=\"wp-block-paragraph\"><strong>O&nbsp;&nbsp;&nbsp;&nbsp;&nbsp;&nbsp;&nbsp;&nbsp;&nbsp;&nbsp; Secret\u00e1rio Executivo de Finan\u00e7as e Gest\u00e3o P\u00fablica, <\/strong>no uso das atribui\u00e7\u00f5es que lhe foram conferidas atrav\u00e9s da Portaria n.\u00ba006, de 15 de janeiro de 2003,<\/p>\n\n\n\n<p class=\"wp-block-paragraph\"><strong>RESOLVE:<\/strong><\/p>\n\n\n\n<p class=\"wp-block-paragraph\"><strong>Art. 1\u00ba<\/strong>&nbsp; &nbsp;&nbsp;Fica prorrogado at\u00e9 o dia 30 de junho de 2003, os efeitos da Portaria n.\u00ba115, de 15 de abril de 2002, que disp\u00f5e sobre a redu\u00e7\u00e3o da base de c\u00e1lculo do ICMS nas opera\u00e7\u00f5es com ve\u00edculos automotores novos.<\/p>\n\n\n\n<p class=\"wp-block-paragraph\">Par\u00e1grafo \u00danico. A Redu\u00e7\u00e3o da Base de C\u00e1lculo n\u00e3o se aplica \u00e0s opera\u00e7\u00f5es Interestaduais com Pessoas F\u00edsicas.<\/p>\n\n\n\n<p class=\"wp-block-paragraph\"><strong>Art. 2\u00ba<\/strong> &nbsp;Ficam prorrogados pelo mesmo prazo do artigo os Termos de Acordos celebrados entre esta Secretaria e as Empresas do Estado do Acre.<\/p>\n\n\n\n<p class=\"wp-block-paragraph\"><strong>Art. 3\u00ba<\/strong> <strong>&nbsp;<\/strong>Esta Portaria entrar\u00e1 em vigor na data de sua publica\u00e7\u00e3o, com efeito retroativo a 1<sup>\u00b0 <\/sup>de maio de 2003.<\/p>\n\n\n\n<p class=\"wp-block-paragraph\">D\u00ea-se Ci\u00eancia. Publique-se e Cumpra-se.<\/p>\n\n\n\n<p class=\"wp-block-paragraph\">Rio Branco \u2013 Acre, 08 de Maio de 2003.<\/p>\n","protected":false},"excerpt":{"rendered":"<p>Prorrogar as disposi\u00e7\u00f5es da Portaria n.\u00ba 115, de 15 de abril de 2002.<\/p>\n","protected":false},"author":5,"featured_media":0,"comment_status":"closed","ping_status":"closed","sticky":false,"template":"","format":"standard","meta":{"_acf_changed":false,"footnotes":""},"categories":[3,33],"tags":[35],"class_list":["post-12546","post","type-post","status-publish","format-standard","hentry","category-legislacao","category-portarias","tag-icms"],"acf":[],"_links":{"self":[{"href":"https:\/\/sefaz.ac.gov.br\/2021\/index.php?rest_route=\/wp\/v2\/posts\/12546","targetHints":{"allow":["GET"]}}],"collection":[{"href":"https:\/\/sefaz.ac.gov.br\/2021\/index.php?rest_route=\/wp\/v2\/posts"}],"about":[{"href":"https:\/\/sefaz.ac.gov.br\/2021\/index.php?rest_route=\/wp\/v2\/types\/post"}],"author":[{"embeddable":true,"href":"https:\/\/sefaz.ac.gov.br\/2021\/index.php?rest_route=\/wp\/v2\/users\/5"}],"replies":[{"embeddable":true,"href":"https:\/\/sefaz.ac.gov.br\/2021\/index.php?rest_route=%2Fwp%2Fv2%2Fcomments&post=12546"}],"version-history":[{"count":0,"href":"https:\/\/sefaz.ac.gov.br\/2021\/index.php?rest_route=\/wp\/v2\/posts\/12546\/revisions"}],"wp:attachment":[{"href":"https:\/\/sefaz.ac.gov.br\/2021\/index.php?rest_route=%2Fwp%2Fv2%2Fmedia&parent=12546"}],"wp:term":[{"taxonomy":"category","embeddable":true,"href":"https:\/\/sefaz.ac.gov.br\/2021\/index.php?rest_route=%2Fwp%2Fv2%2Fcategories&post=12546"},{"taxonomy":"post_tag","embeddable":true,"href":"https:\/\/sefaz.ac.gov.br\/2021\/index.php?rest_route=%2Fwp%2Fv2%2Ftags&post=12546"}],"curies":[{"name":"wp","href":"https:\/\/api.w.org\/{rel}","templated":true}]}}