{"id":12531,"date":"2003-01-07T09:30:32","date_gmt":"2003-01-07T11:30:32","guid":{"rendered":"http:\/\/sefaz.acre.gov.br:80\/2021\/?p=12531"},"modified":"2023-04-24T11:20:46","modified_gmt":"2023-04-24T14:20:46","slug":"portaria-no-002-de-07-de-janeiro-de-2003","status":"publish","type":"post","link":"https:\/\/sefaz.ac.gov.br\/2021\/?p=12531","title":{"rendered":"PORTARIA N\u00ba 002 DE 07 DE JANEIRO\u00a0DE 2003 (Revogada)"},"content":{"rendered":"\n<p class=\"wp-block-paragraph\"><strong>O SECRET\u00c1RIO DE ESTADO DE FINAN\u00c7AS E GEST\u00c3O P\u00daBLICA, <\/strong>no uso das prerrogativas definidas na Legisla\u00e7\u00e3o Tribut\u00e1ria do Estado,<\/p>\n\n\n\n<p class=\"wp-block-paragraph\"><strong>RESOLVE:<\/strong><\/p>\n\n\n\n<p class=\"wp-block-paragraph\"><strong>Art. 1\u00ba<\/strong> &nbsp;Fica prorrogado at\u00e9 o dia 31 de mar\u00e7o de 2003, os efeitos da Portaria n\u00b0 293, de 23 de outubro de 2002, que disp\u00f5e sobre a redu\u00e7\u00e3o da base de c\u00e1lculo do ICMS nas opera\u00e7\u00f5es internas com ve\u00edculos automotores novos, fabricados pela MMC Automotores do Brasil S .A. classificados nos c\u00f3digos da NBM-SH relacionados no Anexo \u00danico do Conv\u00eanio ICMS <em>50\/99.<\/em><\/p>\n\n\n\n<p class=\"wp-block-paragraph\"><strong>Art. 2\u00ba<\/strong> &nbsp;&nbsp;Esta Portaria entrar\u00e1 em vigor na data de sua publica\u00e7\u00e3o, com efeito retroativo a 1\u00b0 de janeiro de 2003.<\/p>\n\n\n\n<p class=\"wp-block-paragraph\">D\u00ea-se Ci\u00eancia, Publique-se e Cumpra-se.<\/p>\n\n\n\n<p class=\"wp-block-paragraph\">Rio Branco &#8211; Acre, 07 de Janeiro de 2003.<\/p>\n","protected":false},"excerpt":{"rendered":"<p>Prorrogar as disposi\u00e7\u00f5es da Portaria n\u00b0 293, de 23 de outubro de 2002.<\/p>\n","protected":false},"author":5,"featured_media":0,"comment_status":"closed","ping_status":"closed","sticky":false,"template":"","format":"standard","meta":{"_acf_changed":false,"footnotes":""},"categories":[3,33],"tags":[35],"class_list":["post-12531","post","type-post","status-publish","format-standard","hentry","category-legislacao","category-portarias","tag-icms"],"acf":[],"_links":{"self":[{"href":"https:\/\/sefaz.ac.gov.br\/2021\/index.php?rest_route=\/wp\/v2\/posts\/12531","targetHints":{"allow":["GET"]}}],"collection":[{"href":"https:\/\/sefaz.ac.gov.br\/2021\/index.php?rest_route=\/wp\/v2\/posts"}],"about":[{"href":"https:\/\/sefaz.ac.gov.br\/2021\/index.php?rest_route=\/wp\/v2\/types\/post"}],"author":[{"embeddable":true,"href":"https:\/\/sefaz.ac.gov.br\/2021\/index.php?rest_route=\/wp\/v2\/users\/5"}],"replies":[{"embeddable":true,"href":"https:\/\/sefaz.ac.gov.br\/2021\/index.php?rest_route=%2Fwp%2Fv2%2Fcomments&post=12531"}],"version-history":[{"count":0,"href":"https:\/\/sefaz.ac.gov.br\/2021\/index.php?rest_route=\/wp\/v2\/posts\/12531\/revisions"}],"wp:attachment":[{"href":"https:\/\/sefaz.ac.gov.br\/2021\/index.php?rest_route=%2Fwp%2Fv2%2Fmedia&parent=12531"}],"wp:term":[{"taxonomy":"category","embeddable":true,"href":"https:\/\/sefaz.ac.gov.br\/2021\/index.php?rest_route=%2Fwp%2Fv2%2Fcategories&post=12531"},{"taxonomy":"post_tag","embeddable":true,"href":"https:\/\/sefaz.ac.gov.br\/2021\/index.php?rest_route=%2Fwp%2Fv2%2Ftags&post=12531"}],"curies":[{"name":"wp","href":"https:\/\/api.w.org\/{rel}","templated":true}]}}