{"id":12507,"date":"2002-12-03T14:44:29","date_gmt":"2002-12-03T16:44:29","guid":{"rendered":"http:\/\/sefaz.acre.gov.br:80\/2021\/?p=12507"},"modified":"2023-04-24T11:16:19","modified_gmt":"2023-04-24T14:16:19","slug":"portaria-no-331-de-03-de-dezembro-de-2002","status":"publish","type":"post","link":"https:\/\/sefaz.ac.gov.br\/2021\/?p=12507","title":{"rendered":"PORTARIA N\u00ba 331, DE 03 DE\u00a0DEZEMBRO DE 2002 (Revogada)"},"content":{"rendered":"\n<p class=\"wp-block-paragraph\"><strong>O SECRET\u00c1RIO DE ESTADO DA FAZENDA<\/strong>, no uso das prerrogativas definidas na legisla\u00e7\u00e3o Tribut\u00e1ria do Estado,<\/p>\n\n\n\n<p class=\"wp-block-paragraph\">&nbsp; <strong>RESOLVE:<\/strong><\/p>\n\n\n\n<p class=\"wp-block-paragraph\"><strong>Art. 1\u00ba<\/strong> &nbsp;Fica prorrogado at\u00e9 o dia 31 de dezembro de 2002, os efeitos da Portaria n\u00ba 115, de 15 de abril de 2002, que disp\u00f5e sobre a redu\u00e7\u00e3o da base de c\u00e1lculo do ICMS nas opera\u00e7\u00f5es com ve\u00edculos automotores novos.<\/p>\n\n\n\n<p class=\"wp-block-paragraph\"><strong>Art. 2\u00ba<\/strong> Esta Portaria entrar\u00e1 em vigor na data de sua publica\u00e7\u00e3o, com efeito retroativo a 1\u00ba de dezembro de 2002.<\/p>\n\n\n\n<p class=\"wp-block-paragraph\">D\u00ea-se Ci\u00eancia, Publique-se e Cumpra-se.<\/p>\n\n\n\n<p class=\"wp-block-paragraph\">Rio Branco &#8211; Acre, 03 de dezembro de 2002.<\/p>\n","protected":false},"excerpt":{"rendered":"<p>Prorrogar as disposi\u00e7\u00f5es da Portaria n\u00ba 115, de 15 de abril de 2002.<\/p>\n","protected":false},"author":5,"featured_media":0,"comment_status":"closed","ping_status":"closed","sticky":false,"template":"","format":"standard","meta":{"_acf_changed":false,"footnotes":""},"categories":[3,33],"tags":[35],"class_list":["post-12507","post","type-post","status-publish","format-standard","hentry","category-legislacao","category-portarias","tag-icms"],"acf":[],"_links":{"self":[{"href":"https:\/\/sefaz.ac.gov.br\/2021\/index.php?rest_route=\/wp\/v2\/posts\/12507","targetHints":{"allow":["GET"]}}],"collection":[{"href":"https:\/\/sefaz.ac.gov.br\/2021\/index.php?rest_route=\/wp\/v2\/posts"}],"about":[{"href":"https:\/\/sefaz.ac.gov.br\/2021\/index.php?rest_route=\/wp\/v2\/types\/post"}],"author":[{"embeddable":true,"href":"https:\/\/sefaz.ac.gov.br\/2021\/index.php?rest_route=\/wp\/v2\/users\/5"}],"replies":[{"embeddable":true,"href":"https:\/\/sefaz.ac.gov.br\/2021\/index.php?rest_route=%2Fwp%2Fv2%2Fcomments&post=12507"}],"version-history":[{"count":0,"href":"https:\/\/sefaz.ac.gov.br\/2021\/index.php?rest_route=\/wp\/v2\/posts\/12507\/revisions"}],"wp:attachment":[{"href":"https:\/\/sefaz.ac.gov.br\/2021\/index.php?rest_route=%2Fwp%2Fv2%2Fmedia&parent=12507"}],"wp:term":[{"taxonomy":"category","embeddable":true,"href":"https:\/\/sefaz.ac.gov.br\/2021\/index.php?rest_route=%2Fwp%2Fv2%2Fcategories&post=12507"},{"taxonomy":"post_tag","embeddable":true,"href":"https:\/\/sefaz.ac.gov.br\/2021\/index.php?rest_route=%2Fwp%2Fv2%2Ftags&post=12507"}],"curies":[{"name":"wp","href":"https:\/\/api.w.org\/{rel}","templated":true}]}}