{"id":12504,"date":"2002-10-23T14:19:58","date_gmt":"2002-10-23T17:19:58","guid":{"rendered":"http:\/\/sefaz.acre.gov.br:80\/2021\/?p=12504"},"modified":"2023-04-24T11:13:01","modified_gmt":"2023-04-24T14:13:01","slug":"portaria-no-293-de-23-de-outubro-de-2002","status":"publish","type":"post","link":"https:\/\/sefaz.ac.gov.br\/2021\/?p=12504","title":{"rendered":"PORTARIA N\u00ba 293,\u00a0DE 23 DE OUTUBRO DE 2002 (Revogada)"},"content":{"rendered":"\n<p class=\"wp-block-paragraph\"><strong>O SECRET\u00c1RIO DE ESTADO DA FAZENDA<\/strong>, no uso das prerrogativas definidas na legisla\u00e7\u00e3o Tribut\u00e1ria do Estado, e<\/p>\n\n\n\n<p class=\"wp-block-paragraph\"><strong>CONSIDERANDO<\/strong> a extin\u00e7\u00e3o do Conv\u00eanio ICMS 50\/99, que uniformizava, em \u00e2mbito nacional, a carga tribut\u00e1ria relativa \u00e0 comercializa\u00e7\u00e3o de ve\u00edculos automotores novos em doze por cento;<\/p>\n\n\n\n<p class=\"wp-block-paragraph\"><strong>CONSIDERANDO <\/strong>que v\u00e1rias unidades da federa\u00e7\u00e3o, com fundamento em suas legisla\u00e7\u00f5es, continuam praticando carga tribut\u00e1ria equivalente a doze por cento, nas opera\u00e7\u00f5es internas com ve\u00edculos automotores novos;<\/p>\n\n\n\n<p class=\"wp-block-paragraph\"><strong>CONSIDERANDO<\/strong> que a utiliza\u00e7\u00e3o de carga tribut\u00e1ria favorecida implica o deslocamento da procura para as unidades da Federa\u00e7\u00e3o que a concede, provocando preju\u00edzo para o mercado local e, consequentemente, para o Fisco Estadual;<\/p>\n\n\n\n<p class=\"wp-block-paragraph\"><strong>RESOLVE:<\/strong><\/p>\n\n\n\n<p class=\"wp-block-paragraph\"><strong>Art. 1\u00ba <\/strong>Nas opera\u00e7\u00f5es internas com ve\u00edculos automotores novos, fabricados pela MMC Automotores do Brasil S.A classificados nos c\u00f3digos da NBM-SH relacionados no Anexo \u00danico do Conv\u00eanio ICMS 50\/99, a base de c\u00e1lculo fica reduzida, at\u00e9 30 de novembro de 2002, de forma que a carga tribut\u00e1ria resulte num percentual de doze por cento.<\/p>\n\n\n\n<p class=\"wp-block-paragraph\"><strong>Art. 2\u00ba<\/strong> &nbsp;Esta Portaria entrar\u00e1 em vigor na data de sua publica\u00e7\u00e3o, com efeito retroativo a 1\u00ba de outubro de 2002.<\/p>\n\n\n\n<p class=\"wp-block-paragraph\">D\u00ea-se Ci\u00eancia, Publique-se e Cumpra-se.<\/p>\n\n\n\n<p class=\"wp-block-paragraph\">Rio Branco &#8211; Acre, 23 de outubro de 2002.<\/p>\n","protected":false},"excerpt":{"rendered":"<p>Disp\u00f5e sobre a redu\u00e7\u00e3o da base de c\u00e1lculo do ICMS nas opera\u00e7\u00f5es com ve\u00edculos automotores novos e d\u00e1 outras provid\u00eancias. <\/p>\n","protected":false},"author":5,"featured_media":0,"comment_status":"closed","ping_status":"closed","sticky":false,"template":"","format":"standard","meta":{"_acf_changed":false,"footnotes":""},"categories":[3,33],"tags":[35],"class_list":["post-12504","post","type-post","status-publish","format-standard","hentry","category-legislacao","category-portarias","tag-icms"],"acf":[],"_links":{"self":[{"href":"https:\/\/sefaz.ac.gov.br\/2021\/index.php?rest_route=\/wp\/v2\/posts\/12504","targetHints":{"allow":["GET"]}}],"collection":[{"href":"https:\/\/sefaz.ac.gov.br\/2021\/index.php?rest_route=\/wp\/v2\/posts"}],"about":[{"href":"https:\/\/sefaz.ac.gov.br\/2021\/index.php?rest_route=\/wp\/v2\/types\/post"}],"author":[{"embeddable":true,"href":"https:\/\/sefaz.ac.gov.br\/2021\/index.php?rest_route=\/wp\/v2\/users\/5"}],"replies":[{"embeddable":true,"href":"https:\/\/sefaz.ac.gov.br\/2021\/index.php?rest_route=%2Fwp%2Fv2%2Fcomments&post=12504"}],"version-history":[{"count":0,"href":"https:\/\/sefaz.ac.gov.br\/2021\/index.php?rest_route=\/wp\/v2\/posts\/12504\/revisions"}],"wp:attachment":[{"href":"https:\/\/sefaz.ac.gov.br\/2021\/index.php?rest_route=%2Fwp%2Fv2%2Fmedia&parent=12504"}],"wp:term":[{"taxonomy":"category","embeddable":true,"href":"https:\/\/sefaz.ac.gov.br\/2021\/index.php?rest_route=%2Fwp%2Fv2%2Fcategories&post=12504"},{"taxonomy":"post_tag","embeddable":true,"href":"https:\/\/sefaz.ac.gov.br\/2021\/index.php?rest_route=%2Fwp%2Fv2%2Ftags&post=12504"}],"curies":[{"name":"wp","href":"https:\/\/api.w.org\/{rel}","templated":true}]}}