{"id":12494,"date":"2002-08-16T14:14:26","date_gmt":"2002-08-16T17:14:26","guid":{"rendered":"http:\/\/sefaz.acre.gov.br:80\/2021\/?p=12494"},"modified":"2023-04-24T11:08:05","modified_gmt":"2023-04-24T14:08:05","slug":"portaria-no-230-de-16-de-agosto-de-2002","status":"publish","type":"post","link":"https:\/\/sefaz.ac.gov.br\/2021\/?p=12494","title":{"rendered":"PORTARIA N\u00ba 230, DE 16 DE AGOSTO\u00a0DE 2002 (Revogada)"},"content":{"rendered":"\n<p class=\"wp-block-paragraph\"><strong>O SECRET\u00c1RIO DE ESTADO DA FAZENDA<\/strong>, no uso das prerrogativas definidas na Legisla\u00e7\u00e3o Tribut\u00e1ria do Estado,<\/p>\n\n\n\n<p class=\"wp-block-paragraph\">&nbsp; <strong>RESOLVE:<\/strong><\/p>\n\n\n\n<p class=\"wp-block-paragraph\"><strong>Art. 1\u00ba<\/strong> &nbsp;Fica prorrogado at\u00e9 o dia 30 de setembro de 2002, os efeitos da Portaria n\u00ba 115, de 15 de abril de 2002, que disp\u00f5e sobre a redu\u00e7\u00e3o da base de c\u00e1lculo do ICMS nas opera\u00e7\u00f5es com ve\u00edculos automotores novos.<\/p>\n\n\n\n<p class=\"wp-block-paragraph\"><strong>Art. 2\u00ba <\/strong>&nbsp;Esta Portaria entrar\u00e1 em vigor na data de sua publica\u00e7\u00e3o, com efeito retroativo a 1\u00ba de agosto de 2002.<\/p>\n\n\n\n<p class=\"wp-block-paragraph\">Rio Branco &#8211; Acre, 16 de agosto de 2002.<\/p>\n","protected":false},"excerpt":{"rendered":"<p>Prorrogar as disposi\u00e7\u00f5es da Portaria n\u00ba 115, de 15 de abril de 2002. <\/p>\n","protected":false},"author":5,"featured_media":0,"comment_status":"closed","ping_status":"closed","sticky":false,"template":"","format":"standard","meta":{"_acf_changed":false,"footnotes":""},"categories":[3,33],"tags":[35],"class_list":["post-12494","post","type-post","status-publish","format-standard","hentry","category-legislacao","category-portarias","tag-icms"],"acf":[],"_links":{"self":[{"href":"https:\/\/sefaz.ac.gov.br\/2021\/index.php?rest_route=\/wp\/v2\/posts\/12494","targetHints":{"allow":["GET"]}}],"collection":[{"href":"https:\/\/sefaz.ac.gov.br\/2021\/index.php?rest_route=\/wp\/v2\/posts"}],"about":[{"href":"https:\/\/sefaz.ac.gov.br\/2021\/index.php?rest_route=\/wp\/v2\/types\/post"}],"author":[{"embeddable":true,"href":"https:\/\/sefaz.ac.gov.br\/2021\/index.php?rest_route=\/wp\/v2\/users\/5"}],"replies":[{"embeddable":true,"href":"https:\/\/sefaz.ac.gov.br\/2021\/index.php?rest_route=%2Fwp%2Fv2%2Fcomments&post=12494"}],"version-history":[{"count":0,"href":"https:\/\/sefaz.ac.gov.br\/2021\/index.php?rest_route=\/wp\/v2\/posts\/12494\/revisions"}],"wp:attachment":[{"href":"https:\/\/sefaz.ac.gov.br\/2021\/index.php?rest_route=%2Fwp%2Fv2%2Fmedia&parent=12494"}],"wp:term":[{"taxonomy":"category","embeddable":true,"href":"https:\/\/sefaz.ac.gov.br\/2021\/index.php?rest_route=%2Fwp%2Fv2%2Fcategories&post=12494"},{"taxonomy":"post_tag","embeddable":true,"href":"https:\/\/sefaz.ac.gov.br\/2021\/index.php?rest_route=%2Fwp%2Fv2%2Ftags&post=12494"}],"curies":[{"name":"wp","href":"https:\/\/api.w.org\/{rel}","templated":true}]}}