{"id":12491,"date":"2002-04-16T14:11:28","date_gmt":"2002-04-16T17:11:28","guid":{"rendered":"http:\/\/sefaz.acre.gov.br:80\/2021\/?p=12491"},"modified":"2023-04-24T11:05:21","modified_gmt":"2023-04-24T14:05:21","slug":"portaria-no-116-de-16-de-abril-de-2002","status":"publish","type":"post","link":"https:\/\/sefaz.ac.gov.br\/2021\/?p=12491","title":{"rendered":"PORTARIA N\u00ba 116 DE 16 DE ABRIL\u00a0DE 2002 (Revogada)"},"content":{"rendered":"\n<p class=\"wp-block-paragraph\"><strong>O SECRET\u00c1RIO DE ESTADO DA FAZENDA,<\/strong> no uso as prerrogativas definidas na Legisla\u00e7\u00e3o Tributaria do Estado, e<\/p>\n\n\n\n<p class=\"wp-block-paragraph\"><strong>CONSIDERANDO<\/strong> a extin\u00e7\u00e3o do Conv\u00eanio ICMS 50\/99 que uniformizava, em&nbsp; \u00e2mbito nacional, a carga tribut\u00e1ria relativa \u00e0 comercializa\u00e7\u00e3o de ve\u00edculos automotores novos em doze por cento;<\/p>\n\n\n\n<p class=\"wp-block-paragraph\"><strong>CONSIDERANDO<\/strong> que v\u00e1rias unidades da federa\u00e7\u00e3o, com fundamento em suas legisla\u00e7\u00f5es, continuam praticando carga tribut\u00e1ria equivalente a doze por cento, nas opera\u00e7\u00f5es internas com ve\u00edculos automotores novos;<\/p>\n\n\n\n<p class=\"wp-block-paragraph\"><strong>CONSIDERANDO<\/strong> que a utiliza\u00e7\u00e3o da carga tributaria favorecida implica o deslocamento da procura para as unidades da Federa\u00e7\u00e3o que a concede, provocando preju\u00edzo para o mercado local e, conseq\u00fcentemente, para o Fisco Estadual;<\/p>\n\n\n\n<p class=\"wp-block-paragraph\"><strong>RESOLVE:<\/strong><\/p>\n\n\n\n<p class=\"wp-block-paragraph\"><strong>Art. 1\u00ba &#8211;<\/strong> Nas opera\u00e7\u00f5es internas com ve\u00edculos automotores novos, fabricados pela MMC Automotores do Brasil S.A classificados nos c\u00f3digos da NBM-SH relacionados no Anexo \u00danico a esta Portaria, a base de c\u00e1lculo fica reduzida, at\u00e9 31 de julho de 2002, de forma que a carta tributaria resulte num percentual de doze por cento.<\/p>\n\n\n\n<p class=\"wp-block-paragraph\"><strong>Art. 2\u00ba &#8211;<\/strong> Esta Portaria entrar\u00e1 em vigor na data de sua publica\u00e7\u00e3o, com efeito retroativo a 1\u00ba de abril de 2002.<\/p>\n\n\n\n<p class=\"wp-block-paragraph\">Rio Branco &#8211; Acre, 16 de abril de 2002.<\/p>\n","protected":false},"excerpt":{"rendered":"<p>Disp\u00f5e sobre a redu\u00e7\u00e3o da base de c\u00e1lculo do ICMS nas opera\u00e7\u00f5es com ve\u00edculos automotores novos e d\u00e1 outras provid\u00eancias.<\/p>\n","protected":false},"author":5,"featured_media":0,"comment_status":"closed","ping_status":"closed","sticky":false,"template":"","format":"standard","meta":{"_acf_changed":false,"footnotes":""},"categories":[3,33],"tags":[35],"class_list":["post-12491","post","type-post","status-publish","format-standard","hentry","category-legislacao","category-portarias","tag-icms"],"acf":[],"_links":{"self":[{"href":"https:\/\/sefaz.ac.gov.br\/2021\/index.php?rest_route=\/wp\/v2\/posts\/12491","targetHints":{"allow":["GET"]}}],"collection":[{"href":"https:\/\/sefaz.ac.gov.br\/2021\/index.php?rest_route=\/wp\/v2\/posts"}],"about":[{"href":"https:\/\/sefaz.ac.gov.br\/2021\/index.php?rest_route=\/wp\/v2\/types\/post"}],"author":[{"embeddable":true,"href":"https:\/\/sefaz.ac.gov.br\/2021\/index.php?rest_route=\/wp\/v2\/users\/5"}],"replies":[{"embeddable":true,"href":"https:\/\/sefaz.ac.gov.br\/2021\/index.php?rest_route=%2Fwp%2Fv2%2Fcomments&post=12491"}],"version-history":[{"count":0,"href":"https:\/\/sefaz.ac.gov.br\/2021\/index.php?rest_route=\/wp\/v2\/posts\/12491\/revisions"}],"wp:attachment":[{"href":"https:\/\/sefaz.ac.gov.br\/2021\/index.php?rest_route=%2Fwp%2Fv2%2Fmedia&parent=12491"}],"wp:term":[{"taxonomy":"category","embeddable":true,"href":"https:\/\/sefaz.ac.gov.br\/2021\/index.php?rest_route=%2Fwp%2Fv2%2Fcategories&post=12491"},{"taxonomy":"post_tag","embeddable":true,"href":"https:\/\/sefaz.ac.gov.br\/2021\/index.php?rest_route=%2Fwp%2Fv2%2Ftags&post=12491"}],"curies":[{"name":"wp","href":"https:\/\/api.w.org\/{rel}","templated":true}]}}