{"id":12488,"date":"2002-04-15T14:09:35","date_gmt":"2002-04-15T17:09:35","guid":{"rendered":"http:\/\/sefaz.acre.gov.br:80\/2021\/?p=12488"},"modified":"2023-04-24T11:03:22","modified_gmt":"2023-04-24T14:03:22","slug":"portaria-no-115-de-15-de-abril-de-2002-revogada","status":"publish","type":"post","link":"https:\/\/sefaz.ac.gov.br\/2021\/?p=12488","title":{"rendered":"PORTARIA \u00a0N\u00ba 115,\u00a0DE 15 DE\u00a0ABRIL DE 2002 (REVOGADA)"},"content":{"rendered":"\n<p class=\"wp-block-paragraph\"><strong>O SECRET\u00c1RIO DE ESTADO DA FAZENDA<\/strong>, no uso das prerrogativas definidas na Legisla\u00e7\u00e3o Tribut\u00e1ria do Estado, e<\/p>\n\n\n\n<p class=\"wp-block-paragraph\"><strong>CONSIDERANDO<\/strong> a extin\u00e7\u00e3o do Conv\u00eanio ICMS 50\/99, que uniformizava, em \u00e2mbito nacional, a carga tribut\u00e1ria relativa \u00e0 comercializa\u00e7\u00e3o de ve\u00edculos automotores novos em doze por cento;<\/p>\n\n\n\n<p class=\"wp-block-paragraph\"><strong>CONSIDERANDO <\/strong>que v\u00e1rias unidades da federa\u00e7\u00e3o, com fundamento em suas legisla\u00e7\u00f5es, continuam praticando carga tribut\u00e1ria equivalente a doze por cento, nas opera\u00e7\u00f5es internas com ve\u00edculos automotores novos;<\/p>\n\n\n\n<p class=\"wp-block-paragraph\"><strong>CONSIDERANDO<\/strong> que a utiliza\u00e7\u00e3o de carga tribut\u00e1ria favorecida implica o deslocamento da procura para as unidades da Federa\u00e7\u00e3o que a concede, provocando preju\u00edzo para o mercado local e, consequentemente, para o Fisco Estadual;<\/p>\n\n\n\n<p class=\"wp-block-paragraph\"><strong>RESOLVE:<\/strong><\/p>\n\n\n\n<p class=\"wp-block-paragraph\"><strong>Art. 1\u00ba <\/strong>&nbsp;Nas opera\u00e7\u00f5es internas com ve\u00edculos automotores novos classificados nos c\u00f3digos da NBM-SH relacionados no Anexo \u00danico a esta Portaria, a base de c\u00e1lculo fica reduzida, at\u00e9 31 de julho de 2002, de forma que a carga tribut\u00e1ria resulte num percentual de doze por cento.<\/p>\n\n\n\n<p class=\"wp-block-paragraph\">\u00a7 1\u00ba &nbsp;A redu\u00e7\u00e3o prevista neste artigo aplica-se, tamb\u00e9m:<\/p>\n\n\n\n<p class=\"wp-block-paragraph\">I &#8211; nas opera\u00e7\u00f5es de importa\u00e7\u00e3o realizadas por estabelecimentos localizados neste Estado;<\/p>\n\n\n\n<p class=\"wp-block-paragraph\">II &#8211; nas opera\u00e7\u00f5es interestaduais destinando os referidos ve\u00edculos a n\u00e3o-contribuintes do imposto;<\/p>\n\n\n\n<p class=\"wp-block-paragraph\">III &#8211; nas opera\u00e7\u00f5es com semi-reboque para transporte rodovi\u00e1rio de cargas em geral, classificado na NCM no c\u00f3digo 87163900, com semi-reboque para transporte rodovi\u00e1rio de cargas indivis\u00edveis, classificado na NCM no c\u00f3digo 87164000, e com eixos, exceto de transmiss\u00e3o, e suas partes, classificados na NCM nos c\u00f3digos 87086010 e 87086090.<\/p>\n\n\n\n<p class=\"wp-block-paragraph\">\u00a7 2\u00ba A redu\u00e7\u00e3o prevista neste artigo aplica-se somente as opera\u00e7\u00f5es com os ve\u00edculos mencionados no Anexo \u00danico a esta Portaria e as mercadorias mencionadas no inciso III do par\u00e1grafo anterior cuja entrada no estabelecimento revendedor localizado neste Estado decorra de:<\/p>\n\n\n\n<p class=\"wp-block-paragraph\">I &#8211; opera\u00e7\u00f5es interestadual tributada a sete por cento;<\/p>\n\n\n\n<p class=\"wp-block-paragraph\">II &#8211; opera\u00e7\u00e3o de importa\u00e7\u00e3o do exterior realizada pelo pr\u00f3prio estabelecimento revendedor;<\/p>\n\n\n\n<p class=\"wp-block-paragraph\">III &#8211; opera\u00e7\u00e3o interna.<\/p>\n\n\n\n<p class=\"wp-block-paragraph\">\u00a7 3\u00ba &nbsp;No caso de ve\u00edculos que correspondem aos c\u00f3digos da NBM-SH relacionados na se\u00e7\u00e3o A do Anexo \u00danico a esta Portaria, o benef\u00edcio previsto neste artigo fica condicionado \u00e0 manifesta\u00e7\u00e3o expressa do contribuinte substitu\u00eddo de que concorda com a aplica\u00e7\u00e3o do regime de substitui\u00e7\u00e3o tribut\u00e1ria, mediante celebra\u00e7\u00e3o de Termo de Acordo, no qual ser\u00e3o estabelecidas as condi\u00e7\u00f5es para a operacionaliza\u00e7\u00e3o dessa sistem\u00e1tica de tributa\u00e7\u00e3o, especialmente quanto \u00e0 fixa\u00e7\u00e3o da base de c\u00e1lculo.<\/p>\n\n\n\n<p class=\"wp-block-paragraph\">\u00a7 4\u00ba &nbsp;O benef\u00edcio previsto neste artigo fica condicionado ainda a que o contribuinte substitu\u00eddo n\u00e3o utilize qualquer cr\u00e9dito fiscal sob a alega\u00e7\u00e3o de exist\u00eancia de diferen\u00e7a de imposto, decorre de diferen\u00e7a entre a base de c\u00e1lculo tomada para reten\u00e7\u00e3o ou recolhimento do imposto e o pre\u00e7o praticado.<\/p>\n\n\n\n<p class=\"wp-block-paragraph\">\u00a7 5\u00ba &nbsp;N\u00e3o se exige o estorno proporcional do cr\u00e9dito do imposto, previsto no Art. 48 do Decreto n.\u00ba 008 de 26 de julho de 1998.<\/p>\n\n\n\n<p class=\"wp-block-paragraph\"><strong>Art. 2\u00ba <\/strong>&nbsp;Nas opera\u00e7\u00f5es de entrada de ve\u00edculos relacionados no Anexo \u00danico a esta Portaria, decorrentes de opera\u00e7\u00f5es interestaduais tributadas a sete por cento, destinados a contribuinte do imposto, inclusive transportador aut\u00f4nomo, para integrar o seu ativo fixo, a base de c\u00e1lculo para fins de cobran\u00e7a do imposto correspondente ao diferencial de al\u00edquota fica reduzida de tal forma que a carga tribut\u00e1ria total corresponda a doze por cento.<\/p>\n\n\n\n<p class=\"wp-block-paragraph\">Par\u00e1grafo \u00danico.&nbsp; Na hip\u00f3tese deste artigo, n\u00e3o ocorrendo a sua reten\u00e7\u00e3o pelo remetente, o imposto deve ser pago antes do licenciamento do ve\u00edculo, mediante a utiliza\u00e7\u00e3o de Documento de Arrecada\u00e7\u00e3o Estadual (DAE).<\/p>\n\n\n\n<p class=\"wp-block-paragraph\">&nbsp;<strong>Art. 3\u00ba<\/strong> &nbsp;Esta Portaria entrar\u00e1 em vigor na data de sua publica\u00e7\u00e3o, com efeito retroativo a 1\u00ba de abril de 2002. <\/p>\n\n\n\n<p class=\"wp-block-paragraph\">Rio Branco &#8211; Acre, 15 de abril de 2002.<\/p>\n","protected":false},"excerpt":{"rendered":"<p>Disp\u00f5e sobre a redu\u00e7\u00e3o da base de c\u00e1lculo do ICMS nas opera\u00e7\u00f5es com ve\u00edculos automotores novos e d\u00e1 outras provid\u00eancias. <\/p>\n","protected":false},"author":5,"featured_media":0,"comment_status":"closed","ping_status":"closed","sticky":false,"template":"","format":"standard","meta":{"_acf_changed":false,"footnotes":""},"categories":[3,33],"tags":[35],"class_list":["post-12488","post","type-post","status-publish","format-standard","hentry","category-legislacao","category-portarias","tag-icms"],"acf":[],"_links":{"self":[{"href":"https:\/\/sefaz.ac.gov.br\/2021\/index.php?rest_route=\/wp\/v2\/posts\/12488","targetHints":{"allow":["GET"]}}],"collection":[{"href":"https:\/\/sefaz.ac.gov.br\/2021\/index.php?rest_route=\/wp\/v2\/posts"}],"about":[{"href":"https:\/\/sefaz.ac.gov.br\/2021\/index.php?rest_route=\/wp\/v2\/types\/post"}],"author":[{"embeddable":true,"href":"https:\/\/sefaz.ac.gov.br\/2021\/index.php?rest_route=\/wp\/v2\/users\/5"}],"replies":[{"embeddable":true,"href":"https:\/\/sefaz.ac.gov.br\/2021\/index.php?rest_route=%2Fwp%2Fv2%2Fcomments&post=12488"}],"version-history":[{"count":0,"href":"https:\/\/sefaz.ac.gov.br\/2021\/index.php?rest_route=\/wp\/v2\/posts\/12488\/revisions"}],"wp:attachment":[{"href":"https:\/\/sefaz.ac.gov.br\/2021\/index.php?rest_route=%2Fwp%2Fv2%2Fmedia&parent=12488"}],"wp:term":[{"taxonomy":"category","embeddable":true,"href":"https:\/\/sefaz.ac.gov.br\/2021\/index.php?rest_route=%2Fwp%2Fv2%2Fcategories&post=12488"},{"taxonomy":"post_tag","embeddable":true,"href":"https:\/\/sefaz.ac.gov.br\/2021\/index.php?rest_route=%2Fwp%2Fv2%2Ftags&post=12488"}],"curies":[{"name":"wp","href":"https:\/\/api.w.org\/{rel}","templated":true}]}}