{"id":12481,"date":"2001-12-20T13:49:13","date_gmt":"2001-12-20T15:49:13","guid":{"rendered":"http:\/\/sefaz.acre.gov.br:80\/2021\/?p=12481"},"modified":"2023-04-24T10:59:00","modified_gmt":"2023-04-24T13:59:00","slug":"portaria-n-371-de-20-de-dezembro-de-2001","status":"publish","type":"post","link":"https:\/\/sefaz.ac.gov.br\/2021\/?p=12481","title":{"rendered":"PORTARIA N\u00b0 371 DE 20 DE DEZEMBRO DE 2001"},"content":{"rendered":"\n<p class=\"wp-block-paragraph\"><strong>O SECRET\u00c1RIO DE ESTADO DA FAZENDA<\/strong>, no uso de suas atribui\u00e7\u00f5es legais, e com base no Art. 5\u00b0, par\u00e1grafo 3\u00b0, al\u00ednea \u2018b\u2019 do decreto 09\/86.<\/p>\n\n\n\n<p class=\"wp-block-paragraph\"><strong>RESOLVE:<\/strong><\/p>\n\n\n\n<p class=\"wp-block-paragraph\"><strong>Art. 1<\/strong>\u00b0 &nbsp;Aprova a tabela para base de c\u00e1lculo do Imposto sobre as propriedade de Ve\u00edculos Automotores <strong>&#8211;<\/strong> <strong>IPVA<\/strong>, com os valores expressos em <strong>UFIR<\/strong>, para fins de cobran\u00e7as durante o exerc\u00edcio de 2002, conforme tabela anexa.<\/p>\n\n\n\n<p class=\"wp-block-paragraph\"><strong>Art. 2\u00b0&nbsp; <\/strong>O pagamento anual do Imposto sobre a Propriedade do Veiculo Automotores \u2013 <strong>IPVA<\/strong>, ser\u00e1 em cota \u00fanica ou em tr\u00eas parcelas, de acordo com o algarismo final da placa na forma da tabela a seguir:<\/p>\n\n\n\n<p class=\"has-text-align-center wp-block-paragraph\"><strong>IPVA: CALENDARIO 2002<\/strong><br><strong>Datas Limites de pagamento do IPVA<\/strong><\/p>\n\n\n\n<figure class=\"wp-block-table\"><table><thead><tr><th class=\"has-text-align-center\" data-align=\"center\"><strong>Ve\u00edculos de placas de final<\/strong><\/th><th class=\"has-text-align-center\" data-align=\"center\"><strong>Vencimento cota \u00fanica<\/strong><\/th><th class=\"has-text-align-center\" data-align=\"center\"><strong>Vencimento 1\u00aa cota<\/strong><\/th><th class=\"has-text-align-center\" data-align=\"center\"><strong>Vencimento 2\u00aa cota<\/strong><\/th><th class=\"has-text-align-center\" data-align=\"center\"><strong>Vencimento 3\u00aa cota<\/strong><\/th><\/tr><\/thead><tbody><tr><td class=\"has-text-align-center\" data-align=\"center\">1 e 2<\/td><td class=\"has-text-align-center\" data-align=\"center\">31.01<\/td><td class=\"has-text-align-center\" data-align=\"center\">31.01<\/td><td class=\"has-text-align-center\" data-align=\"center\">28.02<\/td><td class=\"has-text-align-center\" data-align=\"center\">29.03<\/td><\/tr><tr><td class=\"has-text-align-center\" data-align=\"center\">3 e 4<\/td><td class=\"has-text-align-center\" data-align=\"center\">28.02<\/td><td class=\"has-text-align-center\" data-align=\"center\">28.02<\/td><td class=\"has-text-align-center\" data-align=\"center\">29.03<\/td><td class=\"has-text-align-center\" data-align=\"center\">30.04<\/td><\/tr><tr><td class=\"has-text-align-center\" data-align=\"center\">5<\/td><td class=\"has-text-align-center\" data-align=\"center\">29.03<\/td><td class=\"has-text-align-center\" data-align=\"center\">29.03<\/td><td class=\"has-text-align-center\" data-align=\"center\">30.04<\/td><td class=\"has-text-align-center\" data-align=\"center\">31.05<\/td><\/tr><tr><td class=\"has-text-align-center\" data-align=\"center\">6<\/td><td class=\"has-text-align-center\" data-align=\"center\">30.04<\/td><td class=\"has-text-align-center\" data-align=\"center\">30.04<\/td><td class=\"has-text-align-center\" data-align=\"center\">31.05<\/td><td class=\"has-text-align-center\" data-align=\"center\">28.06<\/td><\/tr><tr><td class=\"has-text-align-center\" data-align=\"center\">7<\/td><td class=\"has-text-align-center\" data-align=\"center\">31.05<\/td><td class=\"has-text-align-center\" data-align=\"center\">31.05<\/td><td class=\"has-text-align-center\" data-align=\"center\">28.06<\/td><td class=\"has-text-align-center\" data-align=\"center\">31.07<\/td><\/tr><tr><td class=\"has-text-align-center\" data-align=\"center\">8<\/td><td class=\"has-text-align-center\" data-align=\"center\">28.06<\/td><td class=\"has-text-align-center\" data-align=\"center\">28.06<\/td><td class=\"has-text-align-center\" data-align=\"center\">31.07<\/td><td class=\"has-text-align-center\" data-align=\"center\">30.08<\/td><\/tr><tr><td class=\"has-text-align-center\" data-align=\"center\">9<\/td><td class=\"has-text-align-center\" data-align=\"center\">31.07<\/td><td class=\"has-text-align-center\" data-align=\"center\">31.07<\/td><td class=\"has-text-align-center\" data-align=\"center\">30.08<\/td><td class=\"has-text-align-center\" data-align=\"center\">30.09<\/td><\/tr><tr><td class=\"has-text-align-center\" data-align=\"center\">0<\/td><td class=\"has-text-align-center\" data-align=\"center\">30.08<\/td><td class=\"has-text-align-center\" data-align=\"center\">30.08<\/td><td class=\"has-text-align-center\" data-align=\"center\">30.09<\/td><td class=\"has-text-align-center\" data-align=\"center\">31.10<\/td><\/tr><\/tbody><\/table><\/figure>\n\n\n\n<p class=\"wp-block-paragraph\">Par\u00e1grafo 1\u00b0&nbsp; O pagamento anual do <strong>IPVA<\/strong>, ser\u00e1 efetuado em parcela \u00fanica, com redu\u00e7\u00e3o de 10% ( dez por cento ) ou em tr\u00eas parcela sem redu\u00e7\u00e3o, obedecendo os seguintes crit\u00e9rios:<\/p>\n\n\n\n<ol class=\"wp-block-list\" type=\"a\">\n<li>1\u00aa&nbsp; parcela corresponde a 40% ( quarenta por cento ) do valor imposto.<\/li>\n\n\n\n<li>2\u00aa&nbsp; parcela correspondente a 30% ( trinta por cento ) do valor do imposto.<\/li>\n\n\n\n<li>3\u00aa&nbsp; parcela correspondente a 30% ( trinta por cento ) do valor do imposto.<\/li>\n<\/ol>\n\n\n\n<p class=\"wp-block-paragraph\"><strong>Art. 3\u00b0<\/strong>&nbsp; O <strong>IPVA<\/strong> ter\u00e1 seu valor convertido para real, pela <strong>UFIR<\/strong> vigente no m\u00eas em que ocorrer o pagamento, inclusive nas hip\u00f3teses de parcelamento.<\/p>\n\n\n\n<p class=\"wp-block-paragraph\"><strong>Art 4\u00b0<\/strong> A Secretaria da Fazenda remeter\u00e1 aos propriet\u00e1rios de ve\u00edculos automotores, carn\u00ea devidamente preenchido, inclusive com data prefixada para o pagamento.<\/p>\n\n\n\n<p class=\"wp-block-paragraph\">Par\u00e1grafo \u00danico.&nbsp; Se o propriet\u00e1rio do veiculo n\u00e3o receber seu carn\u00ea at\u00e9 a data prevista para o pagamento do <strong>IPVA,<\/strong> dever\u00e1 procurar o setor de <strong>IPVA<\/strong> no <strong>DETRAN.<\/strong><\/p>\n\n\n\n<p class=\"wp-block-paragraph\"><strong>Art. 5\u00b0<\/strong> Os ve\u00edculos com mais de 20 (vinte) anos de fabrica\u00e7\u00e3o, ficam isentos do pagamento do IPVA.<\/p>\n\n\n\n<p class=\"wp-block-paragraph\"><strong>Art 6\u00b0<\/strong> Esta Portaria entrar\u00e1 em vigor na data de sua publica\u00e7\u00e3o, revogada as disposi\u00e7\u00f5es em contr\u00e1rio.<\/p>\n\n\n\n<p class=\"wp-block-paragraph\">Registre-se. Publique-se. Cumpra-se.<\/p>\n\n\n\n<p class=\"wp-block-paragraph\">Rio Branco &#8211; AC, 20 de dezembro de 2001.<\/p>\n","protected":false},"excerpt":{"rendered":"<p>Aprova a tabela para base de c\u00e1lculo do  IPVA, para fins de cobran\u00e7as durante o exerc\u00edcio de 2002.<\/p>\n","protected":false},"author":5,"featured_media":0,"comment_status":"closed","ping_status":"closed","sticky":false,"template":"","format":"standard","meta":{"_acf_changed":false,"footnotes":""},"categories":[3,33],"tags":[29],"class_list":["post-12481","post","type-post","status-publish","format-standard","hentry","category-legislacao","category-portarias","tag-ipva"],"acf":[],"_links":{"self":[{"href":"https:\/\/sefaz.ac.gov.br\/2021\/index.php?rest_route=\/wp\/v2\/posts\/12481","targetHints":{"allow":["GET"]}}],"collection":[{"href":"https:\/\/sefaz.ac.gov.br\/2021\/index.php?rest_route=\/wp\/v2\/posts"}],"about":[{"href":"https:\/\/sefaz.ac.gov.br\/2021\/index.php?rest_route=\/wp\/v2\/types\/post"}],"author":[{"embeddable":true,"href":"https:\/\/sefaz.ac.gov.br\/2021\/index.php?rest_route=\/wp\/v2\/users\/5"}],"replies":[{"embeddable":true,"href":"https:\/\/sefaz.ac.gov.br\/2021\/index.php?rest_route=%2Fwp%2Fv2%2Fcomments&post=12481"}],"version-history":[{"count":0,"href":"https:\/\/sefaz.ac.gov.br\/2021\/index.php?rest_route=\/wp\/v2\/posts\/12481\/revisions"}],"wp:attachment":[{"href":"https:\/\/sefaz.ac.gov.br\/2021\/index.php?rest_route=%2Fwp%2Fv2%2Fmedia&parent=12481"}],"wp:term":[{"taxonomy":"category","embeddable":true,"href":"https:\/\/sefaz.ac.gov.br\/2021\/index.php?rest_route=%2Fwp%2Fv2%2Fcategories&post=12481"},{"taxonomy":"post_tag","embeddable":true,"href":"https:\/\/sefaz.ac.gov.br\/2021\/index.php?rest_route=%2Fwp%2Fv2%2Ftags&post=12481"}],"curies":[{"name":"wp","href":"https:\/\/api.w.org\/{rel}","templated":true}]}}