{"id":12461,"date":"2000-09-04T13:24:10","date_gmt":"2000-09-04T16:24:10","guid":{"rendered":"http:\/\/sefaz.acre.gov.br:80\/2021\/?p=12461"},"modified":"2023-04-24T10:27:36","modified_gmt":"2023-04-24T13:27:36","slug":"portaria-n-267-de-04-de-setembro-de-2000","status":"publish","type":"post","link":"https:\/\/sefaz.ac.gov.br\/2021\/?p=12461","title":{"rendered":"PORTARIA N\u00b0 267\u00a0DE 04 DE SETEMBRO DE 2000 (Revogada)"},"content":{"rendered":"\n<p class=\"wp-block-paragraph\"><strong>O SECRET\u00c1RIO DE ESTADO DA FAZENDA<\/strong>, no uso de suas atribui\u00e7\u00f5es legais, na forma de Decreto n\u00b0 182\/75 \u2013 Regimento Interno de Secretaria de Estado da Fazenda:<\/p>\n\n\n\n<p class=\"wp-block-paragraph\"><strong>CONSIDERANDO<\/strong> a delibera\u00e7\u00e3o de Conselho de Pol\u00edtica Fazend\u00e1ria CONFAZ, na 42\u00aa Reuni\u00e3o Extraordin\u00e1ria, realizada em Bras\u00edlia &#8211; DF, no dia 26 de abril de 2000, tendo em vista o disposto na Lei Complementar n\u00b0 24, de 07 de janeiro de 1975.<\/p>\n\n\n\n<p class=\"wp-block-paragraph\"><strong>RESOLVE:<\/strong><\/p>\n\n\n\n<p class=\"wp-block-paragraph\"><strong>Art. 1\u00b0<\/strong> Os d\u00e9bitos fiscais relacionados co <strong>ICM<\/strong> e <strong>ICMS<\/strong>, decorrentes e fatos geradores ocorridos at\u00e9 31 de dezembro de 1999, poder\u00e3o ser parcelados desde que o pedido seja protocolizado at\u00e9 30 de setembro de 2000.<\/p>\n\n\n\n<p class=\"wp-block-paragraph\">\u00a7 1\u00b0 &#8211; Os dispostos neste artigo n\u00e3o se aplica a parcelamento em curso na data de sua publica\u00e7\u00e3o desta Portaria.<\/p>\n\n\n\n<p class=\"wp-block-paragraph\">\u00a7 2\u00b0 &#8211; Considera-se d\u00e9bitos fiscal a soma do imposto, das multas, da atualiza\u00e7\u00e3o monet\u00e1ria, dos juros de mora e dos acr\u00e9scimo previsto na legisla\u00e7\u00e3o em vigor.<\/p>\n\n\n\n<p class=\"wp-block-paragraph\">\u00a7 3\u00b0 &#8211; O prazo max\u00edmo de parcelamento para cada sujeito passivo, ser\u00e1 de at\u00e9 120 (cento e vinte) meses, poder\u00e1 ser definido segundo an\u00e1lise econ\u00f4mica e financeira atrav\u00e9s do Departamento de Administra\u00e7\u00e3o Tributaria.<\/p>\n\n\n\n<p class=\"wp-block-paragraph\">\u00a7 4\u00b0 &#8211; A concess\u00e3o do parcelamento n\u00e3o dispensa o pagamento das custas e emolumentos judiciais.<\/p>\n\n\n\n<p class=\"wp-block-paragraph\"><strong>Art 2\u00b0<\/strong> Para efeito desta Portaria, poder\u00e1 ser exigida a consolida\u00e7\u00e3o de todos os d\u00e9bitos fiscais existentes na data do pedido, exclusive aqueles objetos de parcelamento em curso.<\/p>\n\n\n\n<p class=\"wp-block-paragraph\">Par\u00e1grafo \u00danico &#8211; os parcelamentos em curso poder\u00e3o ter seu n\u00famero de parcelas vincendas ampliando em at\u00e9 20% (vinte por cento).<\/p>\n\n\n\n<p class=\"wp-block-paragraph\"><strong>Art. 3\u00b0<\/strong> O d\u00e9bito fiscal objeto do parcelamento:<\/p>\n\n\n\n<p class=\"wp-block-paragraph\">I &#8211; Sujeita-se-\u00e1:<\/p>\n\n\n\n<p class=\"wp-block-paragraph\">a) at\u00e9 a data da formaliza\u00e7\u00e3o do acordo, aos acr\u00e9scimos previstos na Legisla\u00e7\u00e3o Tribut\u00e1ria Estadual;<\/p>\n\n\n\n<p class=\"wp-block-paragraph\">b) ap\u00f3s a formaliza\u00e7\u00e3o a juros de 1% (um por cento) ao m\u00eas ou fra\u00e7\u00e3o;<\/p>\n\n\n\n<p class=\"wp-block-paragraph\">II &#8211; ser\u00e1 pago em parcelas mensais e sucessivas fixadas no termo de acordo, que n\u00e3o poder\u00e3o ser inferiores a 0,5% (meio por cento) do faturamento m\u00e9dio mensal do exerc\u00edcio imediatamente anterior, nem a 1\/120 (um cento e vinte avos) do valor do d\u00e9bito.<\/p>\n\n\n\n<p class=\"wp-block-paragraph\"><strong>Art. 4\u00b0<\/strong> O pedido do parcelamento implica:<\/p>\n\n\n\n<p class=\"wp-block-paragraph\">I &#8211; confiss\u00e3o irrevog\u00e1vel e irretrat\u00e1vel dos d\u00e9bitos fiscais;<\/p>\n\n\n\n<p class=\"wp-block-paragraph\">II &#8211; expressa renuncia a qualquer defesa administrativa ou judicial, bem como desist\u00eancia dos j\u00e1 interpostos, relativamente aos d\u00e9bitos fiscais inclu\u00eddos no pedido por op\u00e7\u00e3o do contribuinte.<\/p>\n\n\n\n<p class=\"wp-block-paragraph\"><strong>Art. 5\u00b0 <\/strong>&nbsp;Implica a revoga\u00e7\u00e3o do parcelamento:<\/p>\n\n\n\n<p class=\"wp-block-paragraph\">I &#8211; A inadimpl\u00eancia, por tr\u00eas meses consecutivos ou n\u00e3o, do parcelamento integral das parcelas, bem como do imposto devido relativamente a fatos geradores ocorridos ap\u00f3s a data da formaliza\u00e7\u00e3o do acordo;<\/p>\n\n\n\n<p class=\"wp-block-paragraph\">II &#8211; O descumprimento das condi\u00e7\u00f5es previstas no acordo.<\/p>\n\n\n\n<p class=\"wp-block-paragraph\">Par\u00e1grafo \u00danico.&nbsp; para efeito do disposto no inciso I, ser\u00e3o considerados todos os estabelecimentos situados no Estado:<\/p>\n\n\n\n<p class=\"wp-block-paragraph\">I &#8211; da empresa beneficiaria do parcelamento;<\/p>\n\n\n\n<p class=\"wp-block-paragraph\">II &#8211; de empresa cujo titular ou s\u00f3cio tamb\u00e9m titular ou s\u00f3cio da empresa beneficiaria do parcelamento.<\/p>\n\n\n\n<p class=\"wp-block-paragraph\"><strong>Art. 6\u00b0&nbsp; <\/strong>O Departamento de Administra\u00e7\u00e3o Tributaria poder\u00e1 exigir do contribuinte:<\/p>\n\n\n\n<p class=\"wp-block-paragraph\">I &#8211; o fornecimento de garantias, observando:<\/p>\n\n\n\n<p class=\"wp-block-paragraph\">a) o patrim\u00f4nio da empresa ou de sues s\u00f3cios;<\/p>\n\n\n\n<p class=\"wp-block-paragraph\">b) fiador id\u00f4neo.<\/p>\n\n\n\n<p class=\"wp-block-paragraph\">II &#8211; O fornecimento peri\u00f3dico de:<\/p>\n\n\n\n<p class=\"wp-block-paragraph\">a) informa\u00e7\u00e3o relativas a sua movimenta\u00e7\u00e3o financeira, durante a vig\u00eancia do parcelamento;<\/p>\n\n\n\n<p class=\"wp-block-paragraph\">b) outras informa\u00e7\u00f5es em meio magn\u00e9tico;<\/p>\n\n\n\n<p class=\"wp-block-paragraph\"><strong>Art. 7\u00b0<\/strong>&nbsp; O pedido de parcelamento deve ser firmado pelo contribuinte devedor, e com prova de concord\u00e2ncia, pelo fiador, se houver.<\/p>\n\n\n\n<p class=\"wp-block-paragraph\"><strong>Art. 8\u00b0 <\/strong>&nbsp;O parcelamento de d\u00e9bitos inscritos na divida ativa, dever\u00e1 ser ouvida a Procuradoria Fiscal.<\/p>\n\n\n\n<p class=\"wp-block-paragraph\"><strong>Art. 9\u00b0<\/strong>&nbsp; &nbsp;Esta Portaria entra em vigor na data de sua publica\u00e7\u00e3o.<\/p>\n\n\n\n<p class=\"wp-block-paragraph\">Registre-se. Publique-se e Cumpra-se.<\/p>\n\n\n\n<p class=\"wp-block-paragraph\">Rio Branco &#8211; AC, 04 de setembro de 2000.<\/p>\n","protected":false},"excerpt":{"rendered":"<p>Regulamenta o Conv\u00eanio ICMS n\u00b0 31, de 26 de abril de 2000, que trata de parcelamento de d\u00e9bitos fiscais. <\/p>\n","protected":false},"author":5,"featured_media":0,"comment_status":"closed","ping_status":"closed","sticky":false,"template":"","format":"standard","meta":{"_acf_changed":false,"footnotes":""},"categories":[3,33],"tags":[35],"class_list":["post-12461","post","type-post","status-publish","format-standard","hentry","category-legislacao","category-portarias","tag-icms"],"acf":[],"_links":{"self":[{"href":"https:\/\/sefaz.ac.gov.br\/2021\/index.php?rest_route=\/wp\/v2\/posts\/12461","targetHints":{"allow":["GET"]}}],"collection":[{"href":"https:\/\/sefaz.ac.gov.br\/2021\/index.php?rest_route=\/wp\/v2\/posts"}],"about":[{"href":"https:\/\/sefaz.ac.gov.br\/2021\/index.php?rest_route=\/wp\/v2\/types\/post"}],"author":[{"embeddable":true,"href":"https:\/\/sefaz.ac.gov.br\/2021\/index.php?rest_route=\/wp\/v2\/users\/5"}],"replies":[{"embeddable":true,"href":"https:\/\/sefaz.ac.gov.br\/2021\/index.php?rest_route=%2Fwp%2Fv2%2Fcomments&post=12461"}],"version-history":[{"count":0,"href":"https:\/\/sefaz.ac.gov.br\/2021\/index.php?rest_route=\/wp\/v2\/posts\/12461\/revisions"}],"wp:attachment":[{"href":"https:\/\/sefaz.ac.gov.br\/2021\/index.php?rest_route=%2Fwp%2Fv2%2Fmedia&parent=12461"}],"wp:term":[{"taxonomy":"category","embeddable":true,"href":"https:\/\/sefaz.ac.gov.br\/2021\/index.php?rest_route=%2Fwp%2Fv2%2Fcategories&post=12461"},{"taxonomy":"post_tag","embeddable":true,"href":"https:\/\/sefaz.ac.gov.br\/2021\/index.php?rest_route=%2Fwp%2Fv2%2Ftags&post=12461"}],"curies":[{"name":"wp","href":"https:\/\/api.w.org\/{rel}","templated":true}]}}