{"id":12458,"date":"2000-08-17T13:22:18","date_gmt":"2000-08-17T16:22:18","guid":{"rendered":"http:\/\/sefaz.acre.gov.br:80\/2021\/?p=12458"},"modified":"2023-04-24T10:29:29","modified_gmt":"2023-04-24T13:29:29","slug":"portaria-n-250-de-17-de-agosto-de-2000","status":"publish","type":"post","link":"https:\/\/sefaz.ac.gov.br\/2021\/?p=12458","title":{"rendered":"PORTARIA N\u00b0 250, DE 17 DE AGOSTO DE\u00a02000"},"content":{"rendered":"\n<p class=\"wp-block-paragraph\"><strong>O SECRET\u00c1RIO DE ESTADO DA FAZENDA<\/strong>, no uso de suas atribui\u00e7\u00f5es legais definidas no Decreto n\u00b0 183 de 06.10.75 a Art 5\u00b0 de Decreto n\u00b0 1081 de 24 de agosto de 1999.<\/p>\n\n\n\n<p class=\"wp-block-paragraph\"><strong>CONSIDERANDO<\/strong> as peculiaridades das regi\u00f5es do Estado.<\/p>\n\n\n\n<p class=\"wp-block-paragraph\"><strong>RESOLVE:<\/strong><\/p>\n\n\n\n<p class=\"wp-block-paragraph\"><strong>Art. 1\u00b0 <\/strong>&nbsp;O&nbsp; \u00a7 1\u00b0 e \u00a7 2\u00b0 do Art. 1\u00b0 da Portaria n\u00b0 213 de 24 de agosto de 1999, passar\u00e3o a ter a seguinte reda\u00e7\u00e3o:<\/p>\n\n\n\n<p class=\"wp-block-paragraph\">\u00a7 1\u00b0 &#8211; 30 (trinta), 60 (sessenta) e 90 (noventa) dias, para os contribuintes atacadistas e varejistas do ICMS, localizados nos Munic\u00edpios de <strong>Assis Brasil, Bujari, Capixaba, Pl\u00e1cido de Castro, Porto Acre, Rio Branco, Sena Madureira, Senador Guiomard e Xapuri<\/strong>, exceto para g\u00eaneros aliment\u00edcios, material de higiene e material de limpeza que ser\u00e1 de 30 (trinta) e 60 (sessenta) dias.&nbsp;<\/p>\n\n\n\n<p class=\"wp-block-paragraph\">\u00a7 2\u00b0 &#8211; 30 (trinta), 60 (sessenta), 90 (noventa) e 120 (cento e vinte) dias, para os contribuintes atacadistas e varejistas do ICMS localizados nos Munic\u00edpios de <strong>Cruzeiro do Sul, Feij\u00f3, Jord\u00e3o, M\u00e2ncio Lima, Manuel Urbano, Marechal Thaumaturgo, Porto Walter, Rodrigues Alves, Santa Rosa do Purus, Tarauac\u00e1, Brasil\u00e9ia e Epitaciol\u00e2ndia.<\/strong><\/p>\n\n\n\n<p class=\"wp-block-paragraph\"><strong>Art 2\u00b0&nbsp; <\/strong>Esta Portaria entrar\u00e1 em vigor na data de sua publica\u00e7\u00e3o.<\/p>\n\n\n\n<p class=\"wp-block-paragraph\">Registre-se. Publique-se e Cumpra-se.<\/p>\n\n\n\n<p class=\"wp-block-paragraph\">Rio Branco \u2013 AC, 17 de agosto de 2000.<\/p>\n","protected":false},"excerpt":{"rendered":"<p>Altera o Prazo de recolhimento do ICMS.<\/p>\n","protected":false},"author":5,"featured_media":0,"comment_status":"closed","ping_status":"closed","sticky":false,"template":"","format":"standard","meta":{"_acf_changed":false,"footnotes":""},"categories":[3,33],"tags":[35],"class_list":["post-12458","post","type-post","status-publish","format-standard","hentry","category-legislacao","category-portarias","tag-icms"],"acf":[],"_links":{"self":[{"href":"https:\/\/sefaz.ac.gov.br\/2021\/index.php?rest_route=\/wp\/v2\/posts\/12458","targetHints":{"allow":["GET"]}}],"collection":[{"href":"https:\/\/sefaz.ac.gov.br\/2021\/index.php?rest_route=\/wp\/v2\/posts"}],"about":[{"href":"https:\/\/sefaz.ac.gov.br\/2021\/index.php?rest_route=\/wp\/v2\/types\/post"}],"author":[{"embeddable":true,"href":"https:\/\/sefaz.ac.gov.br\/2021\/index.php?rest_route=\/wp\/v2\/users\/5"}],"replies":[{"embeddable":true,"href":"https:\/\/sefaz.ac.gov.br\/2021\/index.php?rest_route=%2Fwp%2Fv2%2Fcomments&post=12458"}],"version-history":[{"count":0,"href":"https:\/\/sefaz.ac.gov.br\/2021\/index.php?rest_route=\/wp\/v2\/posts\/12458\/revisions"}],"wp:attachment":[{"href":"https:\/\/sefaz.ac.gov.br\/2021\/index.php?rest_route=%2Fwp%2Fv2%2Fmedia&parent=12458"}],"wp:term":[{"taxonomy":"category","embeddable":true,"href":"https:\/\/sefaz.ac.gov.br\/2021\/index.php?rest_route=%2Fwp%2Fv2%2Fcategories&post=12458"},{"taxonomy":"post_tag","embeddable":true,"href":"https:\/\/sefaz.ac.gov.br\/2021\/index.php?rest_route=%2Fwp%2Fv2%2Ftags&post=12458"}],"curies":[{"name":"wp","href":"https:\/\/api.w.org\/{rel}","templated":true}]}}