{"id":12454,"date":"2000-07-20T13:17:24","date_gmt":"2000-07-20T16:17:24","guid":{"rendered":"http:\/\/sefaz.acre.gov.br:80\/2021\/?p=12454"},"modified":"2025-03-17T14:14:07","modified_gmt":"2025-03-17T17:14:07","slug":"portaria-n-228-de-20-de-julho-de-2000","status":"publish","type":"post","link":"https:\/\/sefaz.ac.gov.br\/2021\/?p=12454","title":{"rendered":"PORTARIA N\u00b0 228 DE 20 DE JULHO DE 2000"},"content":{"rendered":"\n<p class=\"wp-block-paragraph\"><strong>O SECRET\u00c1RIO DE ESTADO DA FAZENDA<\/strong>, no uso de suas atribui\u00e7\u00f5es legais e tendo em vista o disposto no Decreto n\u00b0 183, de 06 de outubro de 1975,<\/p>\n\n\n\n<p class=\"wp-block-paragraph\"><strong>CONSIDERANDO<\/strong> o desenvolvimento do novo Sistema de Administra\u00e7\u00e3o Tributaria \u2013 SIAT,<\/p>\n\n\n\n<p class=\"wp-block-paragraph\"><strong>RESOLVE:<\/strong><\/p>\n\n\n\n<p class=\"wp-block-paragraph\"><strong>Art. 1\u00b0 &nbsp;<\/strong>Aprovar os Documentos de Arrecada\u00e7\u00e3o Estadual &#8211; DAE\u2019s, emitidos por processamento eletr\u00f4nico de dados (DAE\u2019s eletr\u00f4nicos) destinados a arrecada\u00e7\u00e3o de Tributos Estaduais e outras receitas, conforme anexo I desta Portaria.<\/p>\n\n\n\n<p class=\"wp-block-paragraph\">Par\u00e1grafo \u00danico &#8211; Os documentos a que alude o <strong>caput <\/strong>deste artigo ser\u00e3o emitidos pela Secretaria de Estado da Fazenda ou pelos interessados, atrav\u00e9s de programa fornecido pela SEFAZ.<\/p>\n\n\n\n<p class=\"wp-block-paragraph\"><strong>Art. 2\u00b0<\/strong> &nbsp;Os Documento de Arrecada\u00e7\u00e3o Estadual \u2013 DAE\u2019s eletr\u00f4nicos, dever\u00e3o conter o c\u00f3digo de barras no padr\u00e3o FEBRABAN.<\/p>\n\n\n\n<p class=\"wp-block-paragraph\"><strong>Art. 3\u00b0<\/strong> &nbsp;Os Munic\u00edpios de Rio Branco e Cruzeiro do Sul s\u00e3o obrigados a utilizar os DAE\u2019s eletr\u00f4nicos a partir de 01 de agosto de 2000.<\/p>\n\n\n\n<p class=\"wp-block-paragraph\">Registre-se. Publique-se e Cumpre-se.<\/p>\n\n\n\n<p class=\"wp-block-paragraph\">Rio Branco \u2013 AC, 20 de julho de 2000.<\/p>\n","protected":false},"excerpt":{"rendered":"<p>Aprova os Documentos de Arrecada\u00e7\u00e3o Estadual &#8211; DAE\u2019s, emitidos por processamento eletr\u00f4nico de dados (DAE\u2019s eletr\u00f4nicos) destinados a arrecada\u00e7\u00e3o de Tributos Estaduais e outras receitas.<\/p>\n","protected":false},"author":5,"featured_media":0,"comment_status":"closed","ping_status":"closed","sticky":false,"template":"","format":"standard","meta":{"_acf_changed":false,"footnotes":""},"categories":[3,33],"tags":[90,35],"class_list":["post-12454","post","type-post","status-publish","format-standard","hentry","category-legislacao","category-portarias","tag-dae","tag-icms"],"acf":[],"_links":{"self":[{"href":"https:\/\/sefaz.ac.gov.br\/2021\/index.php?rest_route=\/wp\/v2\/posts\/12454","targetHints":{"allow":["GET"]}}],"collection":[{"href":"https:\/\/sefaz.ac.gov.br\/2021\/index.php?rest_route=\/wp\/v2\/posts"}],"about":[{"href":"https:\/\/sefaz.ac.gov.br\/2021\/index.php?rest_route=\/wp\/v2\/types\/post"}],"author":[{"embeddable":true,"href":"https:\/\/sefaz.ac.gov.br\/2021\/index.php?rest_route=\/wp\/v2\/users\/5"}],"replies":[{"embeddable":true,"href":"https:\/\/sefaz.ac.gov.br\/2021\/index.php?rest_route=%2Fwp%2Fv2%2Fcomments&post=12454"}],"version-history":[{"count":1,"href":"https:\/\/sefaz.ac.gov.br\/2021\/index.php?rest_route=\/wp\/v2\/posts\/12454\/revisions"}],"predecessor-version":[{"id":21827,"href":"https:\/\/sefaz.ac.gov.br\/2021\/index.php?rest_route=\/wp\/v2\/posts\/12454\/revisions\/21827"}],"wp:attachment":[{"href":"https:\/\/sefaz.ac.gov.br\/2021\/index.php?rest_route=%2Fwp%2Fv2%2Fmedia&parent=12454"}],"wp:term":[{"taxonomy":"category","embeddable":true,"href":"https:\/\/sefaz.ac.gov.br\/2021\/index.php?rest_route=%2Fwp%2Fv2%2Fcategories&post=12454"},{"taxonomy":"post_tag","embeddable":true,"href":"https:\/\/sefaz.ac.gov.br\/2021\/index.php?rest_route=%2Fwp%2Fv2%2Ftags&post=12454"}],"curies":[{"name":"wp","href":"https:\/\/api.w.org\/{rel}","templated":true}]}}