{"id":12405,"date":"1999-11-05T12:07:08","date_gmt":"1999-11-05T14:07:08","guid":{"rendered":"http:\/\/sefaz.acre.gov.br:80\/2021\/?p=12405"},"modified":"2023-04-24T10:08:26","modified_gmt":"2023-04-24T13:08:26","slug":"portaria-n-291-05-de-novembro-de-1999","status":"publish","type":"post","link":"https:\/\/sefaz.ac.gov.br\/2021\/?p=12405","title":{"rendered":"PORTARIA N\u00b0 291, 05 DE NOVEMBRO DE 1999 (Revogada)"},"content":{"rendered":"\n<p class=\"wp-block-paragraph\" style=\"text-transform:none\"><strong>O SECRET\u00c1RIO DE ESTADO DA FAZENDA<\/strong>, no uso de suas atribui\u00e7\u00f5es legais definidas no Regimento Interno e em conformidade com as disposi\u00e7\u00f5es do art. 12, I, II, III e IV da Lei Complementar n\u00ba 07 de 30 de dezembro de 1982.<\/p>\n\n\n\n<p class=\"wp-block-paragraph\"><strong>R E S O L V E:<\/strong><\/p>\n\n\n\n<p class=\"wp-block-paragraph\"><strong>Art. 1\u00ba<\/strong> &#8211; Fixar at\u00e9 31 de dezembro do corrente ano, em R$, em 21,78 (vinte e um reais e setenta e oito centavos) o ICMS incidente nas opera\u00e7\u00f5es interestaduais com bovinos para abate, por animal.<\/p>\n\n\n\n<p class=\"wp-block-paragraph\"><strong>Art. 2\u00ba<\/strong> &#8211; Esta Portaria entrar\u00e1 em vigor na data de sua publica\u00e7\u00e3o com efeito a partir do dia 05 do corrente m\u00eas.<\/p>\n\n\n\n<p class=\"wp-block-paragraph\">Registre-se. Publique-se. Cumpra-se.<\/p>\n\n\n\n<p class=\"wp-block-paragraph\">Rio Branco-Acre, 05 de novembro de 1999.<\/p>\n","protected":false},"excerpt":{"rendered":"<p>Fixa o ICMS nas opera\u00e7\u00f5es interestaduais com bovinos para abate.<\/p>\n","protected":false},"author":5,"featured_media":0,"comment_status":"closed","ping_status":"closed","sticky":false,"template":"","format":"standard","meta":{"_acf_changed":false,"footnotes":""},"categories":[3,33],"tags":[35],"class_list":["post-12405","post","type-post","status-publish","format-standard","hentry","category-legislacao","category-portarias","tag-icms"],"acf":[],"_links":{"self":[{"href":"https:\/\/sefaz.ac.gov.br\/2021\/index.php?rest_route=\/wp\/v2\/posts\/12405","targetHints":{"allow":["GET"]}}],"collection":[{"href":"https:\/\/sefaz.ac.gov.br\/2021\/index.php?rest_route=\/wp\/v2\/posts"}],"about":[{"href":"https:\/\/sefaz.ac.gov.br\/2021\/index.php?rest_route=\/wp\/v2\/types\/post"}],"author":[{"embeddable":true,"href":"https:\/\/sefaz.ac.gov.br\/2021\/index.php?rest_route=\/wp\/v2\/users\/5"}],"replies":[{"embeddable":true,"href":"https:\/\/sefaz.ac.gov.br\/2021\/index.php?rest_route=%2Fwp%2Fv2%2Fcomments&post=12405"}],"version-history":[{"count":0,"href":"https:\/\/sefaz.ac.gov.br\/2021\/index.php?rest_route=\/wp\/v2\/posts\/12405\/revisions"}],"wp:attachment":[{"href":"https:\/\/sefaz.ac.gov.br\/2021\/index.php?rest_route=%2Fwp%2Fv2%2Fmedia&parent=12405"}],"wp:term":[{"taxonomy":"category","embeddable":true,"href":"https:\/\/sefaz.ac.gov.br\/2021\/index.php?rest_route=%2Fwp%2Fv2%2Fcategories&post=12405"},{"taxonomy":"post_tag","embeddable":true,"href":"https:\/\/sefaz.ac.gov.br\/2021\/index.php?rest_route=%2Fwp%2Fv2%2Ftags&post=12405"}],"curies":[{"name":"wp","href":"https:\/\/api.w.org\/{rel}","templated":true}]}}