{"id":12353,"date":"1999-08-24T11:14:15","date_gmt":"1999-08-24T14:14:15","guid":{"rendered":"http:\/\/sefaz.acre.gov.br:80\/2021\/?p=12353"},"modified":"2023-04-24T10:19:31","modified_gmt":"2023-04-24T13:19:31","slug":"portaria-no-213-de-24-de-agosto-de-1999","status":"publish","type":"post","link":"https:\/\/sefaz.ac.gov.br\/2021\/?p=12353","title":{"rendered":"PORTARIA N\u00ba 213 DE 24 DE AGOSTO DE 1999 (Revogada)"},"content":{"rendered":"\n<p class=\"wp-block-paragraph\"><strong>O<\/strong> <strong>SECRET\u00c1RIO DE ESTADO DA FAZENDA, <\/strong>no uso de suas atribui\u00e7\u00f5es legais definidas no Decreto n.\u00ba 183 de 06-10-75 e Art. 5\u00ba do Decreto n.\u00ba 1081 de 24 de agosto de 1999.<\/p>\n\n\n\n<p class=\"wp-block-paragraph\"><strong>CONSIDERANDO<\/strong> as peculiaridades das regi\u00f5es do Estado,<\/p>\n\n\n\n<p class=\"wp-block-paragraph\"><strong>RESOLVE:<\/strong><\/p>\n\n\n\n<p class=\"wp-block-paragraph\"><strong>Art. 1\u00ba&nbsp; <\/strong>O recolhimento do imposto sobre as opera\u00e7\u00f5es relativas a circula\u00e7\u00e3o de mercadorias e sobre presta\u00e7\u00f5es de servi\u00e7os de transporte interestadual e intermunicipal e de comunica\u00e7\u00e3o &#8211; ICMS nas entradas de mercadorias neste Estado, sujeitas ao valor agregado e n\u00e3o inclu\u00eddas no regime de substitui\u00e7\u00e3o tribut\u00e1ria, faz-se-\u00e1&nbsp; em at\u00e9 120 (cento e vinte) dias&nbsp; e de acordo com a localiza\u00e7\u00e3o geogr\u00e1fica do munic\u00edpio:<\/p>\n\n\n\n<p class=\"wp-block-paragraph\">\u00a7 1\u00ba&nbsp; 30 (trinta), 60 (sessenta) e 90 (noventa) dias, para os contribuintes atacadistas e varejistas do ICMS, localizados nos munic\u00edpios de <strong>Acrel\u00e2ndia, Assis Brasil, Brasil\u00e9ia, Bujari, Capixaba, Epitaciolandia, Pl\u00e1cido de Castro, Porto Acre, Rio Branco, Sena Madureira, Senador Guiomard e Xapuri<\/strong>, exceto para g\u00eaneros aliment\u00edcios, material de higiene e material de limpeza que ser\u00e1 de 30 (trinta) e 60 (sessenta) dias.<\/p>\n\n\n\n<p class=\"wp-block-paragraph\">\u00a7 2\u00ba&nbsp; 30 (trinta), 60 (sessenta), 90 (noventa) e 120 (cento e vinte) dias, para os contribuintes atacadistas e varejistas do ICMS localizados nos munic\u00edpios de <strong>Cruzeiro do Sul,&nbsp; Feij\u00f3, Jord\u00e3o, M\u00e2ncio Lima, Manuel Urbano, Marechal Thaumaturgo, Porto Walter, Rodrigues Alves, Santa Rosa do Purus e Tarauac\u00e1<\/strong>.<\/p>\n\n\n\n<p class=\"wp-block-paragraph\">\u00a7 3\u00b0&nbsp; O prazo para pagamento contar\u00e1 a partir o primeiro dia subsequente a quinzena de apura\u00e7\u00e3o.<\/p>\n\n\n\n<p class=\"wp-block-paragraph\">\u00a7 4\u00b0&nbsp; O valor agregado (VA) para recolhimento do ICMS ser\u00e1 o constante na TABELA IV do Decreto n.\u00ba 008 de 26 de janeiro de 1998, inclu\u00edda pelo Decreto n\u00b0 1081\/99.<\/p>\n\n\n\n<p class=\"has-text-align-center wp-block-paragraph\"><strong>TABELA IV<\/strong><\/p>\n\n\n\n<figure class=\"wp-block-table\"><table><tbody><tr><td>SETOR<\/td><td><strong>VALOR AGREGADO<\/strong><\/td><\/tr><tr><td>Eletrodom\u00e9sticos, aparelhos de telefone celular e arame liso para cerca<\/td><td>25%<\/td><\/tr><tr><td>Rel\u00f3gios, equipamentos eletr\u00f4nicos e computa\u00e7\u00e3o<\/td><td>35%<\/td><\/tr><tr><td>Materiais El\u00e9tricos, materiais hidr\u00e1ulicos, materiais de constru\u00e7\u00e3o em geral, brinquedos, pe\u00e7as e acess\u00f3rios para ve\u00edculos<\/td><td>40%<\/td><\/tr><tr><td>M\u00f3veis<\/td><td>42%<\/td><\/tr><tr><td>Artigos de papelaria, material de higiene, material de limpeza, utilidades dom\u00e9sticas, g\u00eanero aliment\u00edcios, exceto os inclu\u00eddos na cesta b\u00e1sica.<\/td><td>45%<\/td><\/tr><tr><td>Vidros e laminados de vidros, ferragens em geral, artigos de armarinhos, confec\u00e7\u00f5es, cal\u00e7ados, derivados de couro&nbsp; e outros produtos n\u00e3o relacionados nesta Portaria.<\/td><td>50%<\/td><\/tr><tr><td>J\u00f3ias<\/td><td>60%<\/td><\/tr><tr><td>Materiais de consumo hospitalar, exceto os inclu\u00eddos na substitui\u00e7\u00e3o tribut\u00e1ria.<\/td><td>65%<\/td><\/tr><tr><td>\u00d3culos, arma\u00e7\u00f5es e lentes<\/td><td>90%<\/td><\/tr><tr><td>Perfumaria e cosm\u00e9ticos<\/td><td>100%<\/td><\/tr><\/tbody><\/table><\/figure>\n\n\n\n<p class=\"wp-block-paragraph\"><strong>Art. 2\u00b0 &#8211; A<\/strong> parcela m\u00ednima para cada lan\u00e7amento quinzenal ser\u00e1 o equivalente a 25,00 (vinte e cinco) UFIRs.<\/p>\n\n\n\n<p class=\"wp-block-paragraph\"><strong>Art. 3\u00b0 &#8211;<\/strong> Esta Portaria entrar\u00e1 em vigor na data de sua publica\u00e7\u00e3o.<\/p>\n\n\n\n<p class=\"wp-block-paragraph\">Registre-se, Publique-se e Cumpra-se. Rio Branco-Acre, 24 de agosto de 1999.<\/p>\n","protected":false},"excerpt":{"rendered":"<p>Prazos para recolhimento do ICMS e Valor Agregado para cobran\u00e7a do Imposto.<\/p>\n","protected":false},"author":5,"featured_media":0,"comment_status":"closed","ping_status":"closed","sticky":false,"template":"","format":"standard","meta":{"_acf_changed":false,"footnotes":""},"categories":[3,33],"tags":[35],"class_list":["post-12353","post","type-post","status-publish","format-standard","hentry","category-legislacao","category-portarias","tag-icms"],"acf":[],"_links":{"self":[{"href":"https:\/\/sefaz.ac.gov.br\/2021\/index.php?rest_route=\/wp\/v2\/posts\/12353","targetHints":{"allow":["GET"]}}],"collection":[{"href":"https:\/\/sefaz.ac.gov.br\/2021\/index.php?rest_route=\/wp\/v2\/posts"}],"about":[{"href":"https:\/\/sefaz.ac.gov.br\/2021\/index.php?rest_route=\/wp\/v2\/types\/post"}],"author":[{"embeddable":true,"href":"https:\/\/sefaz.ac.gov.br\/2021\/index.php?rest_route=\/wp\/v2\/users\/5"}],"replies":[{"embeddable":true,"href":"https:\/\/sefaz.ac.gov.br\/2021\/index.php?rest_route=%2Fwp%2Fv2%2Fcomments&post=12353"}],"version-history":[{"count":0,"href":"https:\/\/sefaz.ac.gov.br\/2021\/index.php?rest_route=\/wp\/v2\/posts\/12353\/revisions"}],"wp:attachment":[{"href":"https:\/\/sefaz.ac.gov.br\/2021\/index.php?rest_route=%2Fwp%2Fv2%2Fmedia&parent=12353"}],"wp:term":[{"taxonomy":"category","embeddable":true,"href":"https:\/\/sefaz.ac.gov.br\/2021\/index.php?rest_route=%2Fwp%2Fv2%2Fcategories&post=12353"},{"taxonomy":"post_tag","embeddable":true,"href":"https:\/\/sefaz.ac.gov.br\/2021\/index.php?rest_route=%2Fwp%2Fv2%2Ftags&post=12353"}],"curies":[{"name":"wp","href":"https:\/\/api.w.org\/{rel}","templated":true}]}}