{"id":12346,"date":"1990-08-07T11:08:35","date_gmt":"1990-08-07T14:08:35","guid":{"rendered":"http:\/\/sefaz.acre.gov.br:80\/2021\/?p=12346"},"modified":"2023-04-24T10:03:23","modified_gmt":"2023-04-24T13:03:23","slug":"portaria-no-092-de-07-de-agosto-de-1990","status":"publish","type":"post","link":"https:\/\/sefaz.ac.gov.br\/2021\/?p=12346","title":{"rendered":"PORTARIA N\u00ba 092 DE 07 DE AGOSTO DE 1990"},"content":{"rendered":"\n<p class=\"wp-block-paragraph\"><strong>O SECRETARIO DE ESTADO DA FAZENDA,<\/strong> no uso de suas atribui\u00e7\u00f5es legais, de acordo com o Decreto n\u00b0 283\/89 \u2013 RICMS, e, com o objetivo de atender o disposto na Lei Complementar Federal n\u00ba 63\/90.<\/p>\n\n\n\n<p class=\"wp-block-paragraph\"><strong>RESOLVE:<\/strong><\/p>\n\n\n\n<p class=\"wp-block-paragraph\">Art. 1\u00ba&nbsp; Aprovar o modelo do documento fiscal n\u00ba 5, intitulado \u2013 Declara\u00e7\u00e3o do Movimento Econ\u00f4mico \u2013 DAME, para servir de base a aferi\u00e7\u00e3o dos \u00edndices de participa\u00e7\u00e3o dos munic\u00edpios na arrecada\u00e7\u00e3o do Imposto sobre Opera\u00e7\u00f5es Relativas a Circula\u00e7\u00e3o de Mercadorias e sobre Presta\u00e7\u00e3o de Servi\u00e7os de Transportes Interestadual e Intermunicipal e de Comunica\u00e7\u00e3o \u2013 ICMS.<\/p>\n\n\n\n<p class=\"wp-block-paragraph\">Art. 2\u00ba&nbsp; A DAME ser\u00e1 apresentada anualmente pelos contribuintes sujeitos ao regime de que trata o inciso I do artigo 49 do Decreto n\u00ba 283\/89 \u2013 RICMS, abrangendo as opera\u00e7\u00f5es realizadas do primeiro ao ultimo dia de cada exerc\u00edcio financeiro, devendo ser entregue \u00e0 reparti\u00e7\u00e3o fiscal a que estiver subordinando o estabelecimento dentro de 90 (noventa) dias, contados do encerramento do respectivo exerc\u00edcio financeiro, exceto os contribuintes tributados pelo imposto de renda com base no lucro real, hip\u00f3tese em que o prazo ser\u00e1&nbsp; de 150 (cento e cinquenta)&nbsp; dias.<\/p>\n\n\n\n<p class=\"wp-block-paragraph\">\u00a7 1\u00ba&nbsp; Quando ocorrer o encerramento das atividades do estabelecimento, a DAME ser\u00e1 apresentada juntamente com o pedido de baixa da inscri\u00e7\u00e3o.<\/p>\n\n\n\n<p class=\"wp-block-paragraph\">\u00a7 2\u00ba&nbsp; Excecionalmente, no corrente exerc\u00edcio, as informa\u00e7\u00f5es referentes ao ano base de 1989, poder\u00e3o ser apresentadas at\u00e9 30 de dezembro do corrente.<\/p>\n\n\n\n<p class=\"wp-block-paragraph\">Art. 3\u00ba&nbsp; Da DAME dever\u00e1 constar as seguintes informa\u00e7\u00f5es da empresa:<\/p>\n\n\n\n<p class=\"wp-block-paragraph\">a)&nbsp; exerc\u00edcio base;<\/p>\n\n\n\n<p class=\"wp-block-paragraph\">b)&nbsp; identifica\u00e7\u00e3o da empresa;<\/p>\n\n\n\n<p class=\"wp-block-paragraph\">c)&nbsp; c\u00f3digo correspondente a atividade econ\u00f4mica;<\/p>\n\n\n\n<p class=\"wp-block-paragraph\">d)&nbsp; valor das entradas de mercadorias;<\/p>\n\n\n\n<p class=\"wp-block-paragraph\">e)&nbsp; valor das sa\u00eddas de mercadorias e\/ou servi\u00e7os;<\/p>\n\n\n\n<p class=\"wp-block-paragraph\">f)&nbsp; estoque inicial;<\/p>\n\n\n\n<p class=\"wp-block-paragraph\">g)&nbsp; data;<\/p>\n\n\n\n<p class=\"wp-block-paragraph\">h)&nbsp; estoque final;<\/p>\n\n\n\n<p class=\"wp-block-paragraph\">i)&nbsp; carimbo padronizado da empresa;<\/p>\n\n\n\n<p class=\"wp-block-paragraph\">j)&nbsp; carimbo e assinatura do agente.<\/p>\n\n\n\n<p class=\"wp-block-paragraph\">\u00a7 1\u00ba&nbsp; A declara\u00e7\u00e3o a que alude esta Portaria ser\u00e1 distribu\u00edda pela Secretaria da Fazenda atrav\u00e9s de suas Ag\u00eancias e Postos Fiscais e ser\u00e1 impressa em 3 (tr\u00eas) vias que ter\u00e3o a seguinte destina\u00e7\u00e3o:<\/p>\n\n\n\n<p class=\"wp-block-paragraph\">a)&nbsp; 1\u00aa via ser\u00e1 destinada a DICAR;<\/p>\n\n\n\n<p class=\"wp-block-paragraph\">b)&nbsp; 2\u00aa via para arquivo da Agencia do domicilio fiscal do contribuinte;<\/p>\n\n\n\n<p class=\"wp-block-paragraph\">c) 3\u00aa via ser\u00e1 visada pelo Agente da Fazenda Estadual no munic\u00edpio e devolvida ao contribuinte, para exibi\u00e7\u00e3o ao fisco quando necess\u00e1rio;<\/p>\n\n\n\n<p class=\"wp-block-paragraph\">\u00a7 2\u00ba&nbsp; A DAME ser\u00e1 preenchida datilografadamente ou em letra de forma a crit\u00e9rio do diretor de Administra\u00e7\u00e3o tribut\u00e1ria, que baixar\u00e1 instru\u00e7\u00f5es disciplinando o seu preenchimento.<\/p>\n\n\n\n<p class=\"wp-block-paragraph\">Art. 4\u00ba&nbsp; O n\u00e3o cumprimento dos prazos previstos na presente Portaria, sujeitar\u00e1, os infratores as penalidades previstas no artigo 320, inciso X, letra \u201cc\u201d do Decreto n\u00ba 283\/89.<\/p>\n\n\n\n<p class=\"wp-block-paragraph\">Art. 5\u00ba&nbsp; Esta Portaria entrar\u00e1 em vigor na data de sua publica\u00e7\u00e3o, revogadas as disposi\u00e7\u00f5es em contrario.<\/p>\n\n\n\n<p class=\"wp-block-paragraph\">D\u00ea-se Ci\u00eancia, Publique-se e Cumpra-se.<\/p>\n\n\n\n<p class=\"wp-block-paragraph\">Rio Branco-AC, 07 de agosto de 1990.<\/p>\n","protected":false},"excerpt":{"rendered":"<p>Aprova o modelo da DAME.<\/p>\n","protected":false},"author":5,"featured_media":0,"comment_status":"closed","ping_status":"closed","sticky":false,"template":"","format":"standard","meta":{"_acf_changed":false,"footnotes":""},"categories":[3,33],"tags":[35],"class_list":["post-12346","post","type-post","status-publish","format-standard","hentry","category-legislacao","category-portarias","tag-icms"],"acf":[],"_links":{"self":[{"href":"https:\/\/sefaz.ac.gov.br\/2021\/index.php?rest_route=\/wp\/v2\/posts\/12346","targetHints":{"allow":["GET"]}}],"collection":[{"href":"https:\/\/sefaz.ac.gov.br\/2021\/index.php?rest_route=\/wp\/v2\/posts"}],"about":[{"href":"https:\/\/sefaz.ac.gov.br\/2021\/index.php?rest_route=\/wp\/v2\/types\/post"}],"author":[{"embeddable":true,"href":"https:\/\/sefaz.ac.gov.br\/2021\/index.php?rest_route=\/wp\/v2\/users\/5"}],"replies":[{"embeddable":true,"href":"https:\/\/sefaz.ac.gov.br\/2021\/index.php?rest_route=%2Fwp%2Fv2%2Fcomments&post=12346"}],"version-history":[{"count":0,"href":"https:\/\/sefaz.ac.gov.br\/2021\/index.php?rest_route=\/wp\/v2\/posts\/12346\/revisions"}],"wp:attachment":[{"href":"https:\/\/sefaz.ac.gov.br\/2021\/index.php?rest_route=%2Fwp%2Fv2%2Fmedia&parent=12346"}],"wp:term":[{"taxonomy":"category","embeddable":true,"href":"https:\/\/sefaz.ac.gov.br\/2021\/index.php?rest_route=%2Fwp%2Fv2%2Fcategories&post=12346"},{"taxonomy":"post_tag","embeddable":true,"href":"https:\/\/sefaz.ac.gov.br\/2021\/index.php?rest_route=%2Fwp%2Fv2%2Ftags&post=12346"}],"curies":[{"name":"wp","href":"https:\/\/api.w.org\/{rel}","templated":true}]}}