{"id":12341,"date":"1990-01-11T11:06:47","date_gmt":"1990-01-11T13:06:47","guid":{"rendered":"http:\/\/sefaz.acre.gov.br:80\/2021\/?p=12341"},"modified":"2023-05-17T14:49:23","modified_gmt":"2023-05-17T17:49:23","slug":"portaria-no-012-de-11-de-janeiro-de-1990","status":"publish","type":"post","link":"https:\/\/sefaz.ac.gov.br\/2021\/?p=12341","title":{"rendered":"PORTARIA N\u00ba 012 DE 11 DE JANEIRO DE 1990"},"content":{"rendered":"\n<p class=\"wp-block-paragraph\"><strong>O SECRET\u00c1RIO DA FAZENDA DO ESTADO DO ACRE, <\/strong>no uso de suas atribui\u00e7\u00f5es legais, e considerando a necessidade de manter um sistema atualizado de identifica\u00e7\u00e3o dos agentes fiscais perante os contribuintes,<\/p>\n\n\n\n<p class=\"wp-block-paragraph\"><strong>R E S O L V E<\/strong>:&nbsp;&nbsp;&nbsp;&nbsp;&nbsp;&nbsp;&nbsp;&nbsp;&nbsp;&nbsp;&nbsp;&nbsp;&nbsp;&nbsp;&nbsp;&nbsp;&nbsp;&nbsp;&nbsp;&nbsp;&nbsp;&nbsp;&nbsp;&nbsp;&nbsp;&nbsp;&nbsp;&nbsp;&nbsp;&nbsp;&nbsp;&nbsp;&nbsp;<\/p>\n\n\n\n<p class=\"wp-block-paragraph\">Art. 1\u00ba&nbsp; Fica institu\u00edda a Carteira de Identidade para os&nbsp; agentes pertencentes ao&nbsp; quadro de fiscaliza\u00e7\u00e3o da Secretaria da Fazenda, conforme modelo anexo.&nbsp;&nbsp;&nbsp;&nbsp;&nbsp;&nbsp;&nbsp;&nbsp;&nbsp;&nbsp;&nbsp;&nbsp;&nbsp;&nbsp;&nbsp;&nbsp;&nbsp;&nbsp;&nbsp;&nbsp;&nbsp;&nbsp;&nbsp;&nbsp;&nbsp;&nbsp;&nbsp;&nbsp;&nbsp;&nbsp;&nbsp;&nbsp;<\/p>\n\n\n\n<p class=\"wp-block-paragraph\">Art. 2\u00ba&nbsp; As atuais Carteiras de Identifica\u00e7\u00e3o perder\u00e3o a validade a partir de primeiro de fevereiro do corrente ano.<\/p>\n\n\n\n<p class=\"wp-block-paragraph\">Art. 3\u00ba&nbsp; O documento de Identifica\u00e7\u00e3o institu\u00eddo pela presente Portaria \u00e9 de apresenta\u00e7\u00e3o obrigat\u00f3ria nos casos previstos na Legisla\u00e7\u00e3o Tribut\u00e1ria.<\/p>\n\n\n\n<p class=\"wp-block-paragraph\">Art. 4\u00ba Os agentes fiscais que n\u00e3o renovarem a suas Carteiras at\u00e9 o dia 31.01.90, ficar\u00e3o com suas atividades suspensas.<\/p>\n\n\n\n<p class=\"wp-block-paragraph\">Art. 5\u00ba&nbsp;&nbsp; Esta Portaria entrar\u00e1 em vigor a partir da data de sua publica\u00e7\u00e3o.<\/p>\n\n\n\n<p class=\"wp-block-paragraph\">D\u00ea-se Ci\u00eancia, Publique-se e Cumpra-se.<\/p>\n\n\n\n<p class=\"wp-block-paragraph\">Rio Branco-Ac, 11 de janeiro de 1.990.<\/p>\n","protected":false},"excerpt":{"rendered":"<p>Institu\u00ed a Carteira de Identidade para os\u00a0 agentes pertencentes ao\u00a0 quadro de fiscaliza\u00e7\u00e3o da Secretaria da Fazenda.<\/p>\n","protected":false},"author":5,"featured_media":0,"comment_status":"closed","ping_status":"closed","sticky":false,"template":"","format":"standard","meta":{"_acf_changed":false,"footnotes":""},"categories":[3,33],"tags":[73],"class_list":["post-12341","post","type-post","status-publish","format-standard","hentry","category-legislacao","category-portarias","tag-legislacao-institucional-e-funcional"],"acf":[],"_links":{"self":[{"href":"https:\/\/sefaz.ac.gov.br\/2021\/index.php?rest_route=\/wp\/v2\/posts\/12341","targetHints":{"allow":["GET"]}}],"collection":[{"href":"https:\/\/sefaz.ac.gov.br\/2021\/index.php?rest_route=\/wp\/v2\/posts"}],"about":[{"href":"https:\/\/sefaz.ac.gov.br\/2021\/index.php?rest_route=\/wp\/v2\/types\/post"}],"author":[{"embeddable":true,"href":"https:\/\/sefaz.ac.gov.br\/2021\/index.php?rest_route=\/wp\/v2\/users\/5"}],"replies":[{"embeddable":true,"href":"https:\/\/sefaz.ac.gov.br\/2021\/index.php?rest_route=%2Fwp%2Fv2%2Fcomments&post=12341"}],"version-history":[{"count":0,"href":"https:\/\/sefaz.ac.gov.br\/2021\/index.php?rest_route=\/wp\/v2\/posts\/12341\/revisions"}],"wp:attachment":[{"href":"https:\/\/sefaz.ac.gov.br\/2021\/index.php?rest_route=%2Fwp%2Fv2%2Fmedia&parent=12341"}],"wp:term":[{"taxonomy":"category","embeddable":true,"href":"https:\/\/sefaz.ac.gov.br\/2021\/index.php?rest_route=%2Fwp%2Fv2%2Fcategories&post=12341"},{"taxonomy":"post_tag","embeddable":true,"href":"https:\/\/sefaz.ac.gov.br\/2021\/index.php?rest_route=%2Fwp%2Fv2%2Ftags&post=12341"}],"curies":[{"name":"wp","href":"https:\/\/api.w.org\/{rel}","templated":true}]}}