{"id":12338,"date":"2018-12-24T10:52:16","date_gmt":"2018-12-24T12:52:16","guid":{"rendered":"http:\/\/sefaz.acre.gov.br:80\/2021\/?p=12338"},"modified":"2023-04-20T10:42:36","modified_gmt":"2023-04-20T13:42:36","slug":"lei-complementar-no-354-de-24-de-dezembro-de-2018","status":"publish","type":"post","link":"https:\/\/sefaz.ac.gov.br\/2021\/?p=12338","title":{"rendered":"LEI COMPLEMENTAR N\u00ba 354, DE 24 DE DEZEMBRO DE 2018"},"content":{"rendered":"\n<p class=\"wp-block-paragraph\"><strong>O GOVERNADOR DO ESTADO ACRE<\/strong><\/p>\n\n\n\n<p class=\"wp-block-paragraph\"><strong>FA\u00c7O SABER <\/strong>que a Assembleia Legislativa do Estado do Acre decreta e eu sanciono a seguinte Lei Complementar:<\/p>\n\n\n\n<p class=\"wp-block-paragraph\">Art. 1\u00ba A Lei Complementar n\u00ba 55, de 9 de julho de 1997, passa a vigorar com as seguintes altera\u00e7\u00f5es:<\/p>\n\n\n\n<div class=\"wp-block-columns is-layout-flex wp-container-core-columns-is-layout-8f761849 wp-block-columns-is-layout-flex\">\n<div class=\"wp-block-column is-layout-flow wp-block-column-is-layout-flow\">\n<blockquote class=\"wp-block-quote is-layout-flow wp-block-quote-is-layout-flow\">\n<p class=\"wp-block-paragraph\">\u201cArt. 18. &#8230;<\/p>\n\n\n\n<p class=\"wp-block-paragraph\">&#8230;<\/p>\n\n\n\n<p class=\"wp-block-paragraph\">VI &#8211; nas presta\u00e7\u00f5es de servi\u00e7os de comunica\u00e7\u00e3o destinadas a empreendimentos enquadrados no programa de fomento \u00e0s empresas prestadoras de servi\u00e7o de telemarketing e call center, doze por cento;<\/p>\n\n\n\n<p class=\"wp-block-paragraph\">&#8230;<\/p>\n\n\n\n<p class=\"wp-block-paragraph\">Art. 27-A. Nas opera\u00e7\u00f5es e presta\u00e7\u00f5es interestaduais que destinem bens ou servi\u00e7os a consumidor final n\u00e3o contribuinte do ICMS localizado neste Estado, fica o estabelecimento remetente respons\u00e1vel pelo pagamento do ICMS devido ao Estado do Acre.<\/p>\n\n\n\n<p class=\"wp-block-paragraph\">Par\u00e1grafo \u00fanico. O remetente poder\u00e1 ser credenciado neste Estado para efetuar a reten\u00e7\u00e3o, apura\u00e7\u00e3o e pagamento do imposto devido.<\/p>\n\n\n\n<p class=\"wp-block-paragraph\">&#8230;<\/p>\n\n\n\n<p class=\"wp-block-paragraph\">Art. 28. &#8230;<\/p>\n\n\n\n<p class=\"wp-block-paragraph\">&#8230;<\/p>\n\n\n\n<p class=\"wp-block-paragraph\">XIX &#8211; ao contribuinte que efetuar opera\u00e7\u00e3o de sa\u00edda interna, em rela\u00e7\u00e3o ao imposto relativo \u00e0 opera\u00e7\u00e3o subsequente, quando n\u00e3o comprovada a condi\u00e7\u00e3o de inscrito do adquirente e este for obrigado \u00e0 inscri\u00e7\u00e3o no cadastro de contribuintes. \u201d (NR)<\/p>\n\n\n\n<p class=\"wp-block-paragraph\">&#8230;.<\/p>\n<\/blockquote>\n<\/div>\n<\/div>\n\n\n\n<p class=\"wp-block-paragraph\">Art. 2\u00ba Esta Lei Complementar entra em vigor na data de sua publica\u00e7\u00e3o, produzindo efeitos a partir de 1\u00ba de janeiro de 2019, salvo em rela\u00e7\u00e3o ao disposto no inciso VI do art. 18 da Lei Complementar n\u00ba 55, de 9 de julho de 1997, na reda\u00e7\u00e3o dada pelo art. 1\u00ba desta lei complementar, que entra em vigor em 1\u00ba de abril de 2019.<\/p>\n\n\n\n<p class=\"wp-block-paragraph\">Rio Branco-Acre, 24 de dezembro de 2018, 130\u00ba da Rep\u00fablica, 116\u00ba do Tratado de Petr\u00f3polis e 57\u00ba do Estado do Acre.<\/p>\n","protected":false},"excerpt":{"rendered":"<p>Altera a Lei Complementar n\u00ba 55, de 9 de julho de 1997, que disp\u00f5e quanto ao Imposto sobre Opera\u00e7\u00f5es Relativas \u00e0 Circula\u00e7\u00e3o de Mercadorias e sobre Presta\u00e7\u00f5es de Servi\u00e7os de Transporte Interestadual e Intermunicipal e de Comunica\u00e7\u00e3o \u2013 ICMS.<\/p>\n","protected":false},"author":5,"featured_media":0,"comment_status":"closed","ping_status":"closed","sticky":false,"template":"","format":"standard","meta":{"_acf_changed":false,"footnotes":""},"categories":[3,30],"tags":[35],"class_list":["post-12338","post","type-post","status-publish","format-standard","hentry","category-legislacao","category-leis-complementares","tag-icms"],"acf":[],"_links":{"self":[{"href":"https:\/\/sefaz.ac.gov.br\/2021\/index.php?rest_route=\/wp\/v2\/posts\/12338","targetHints":{"allow":["GET"]}}],"collection":[{"href":"https:\/\/sefaz.ac.gov.br\/2021\/index.php?rest_route=\/wp\/v2\/posts"}],"about":[{"href":"https:\/\/sefaz.ac.gov.br\/2021\/index.php?rest_route=\/wp\/v2\/types\/post"}],"author":[{"embeddable":true,"href":"https:\/\/sefaz.ac.gov.br\/2021\/index.php?rest_route=\/wp\/v2\/users\/5"}],"replies":[{"embeddable":true,"href":"https:\/\/sefaz.ac.gov.br\/2021\/index.php?rest_route=%2Fwp%2Fv2%2Fcomments&post=12338"}],"version-history":[{"count":0,"href":"https:\/\/sefaz.ac.gov.br\/2021\/index.php?rest_route=\/wp\/v2\/posts\/12338\/revisions"}],"wp:attachment":[{"href":"https:\/\/sefaz.ac.gov.br\/2021\/index.php?rest_route=%2Fwp%2Fv2%2Fmedia&parent=12338"}],"wp:term":[{"taxonomy":"category","embeddable":true,"href":"https:\/\/sefaz.ac.gov.br\/2021\/index.php?rest_route=%2Fwp%2Fv2%2Fcategories&post=12338"},{"taxonomy":"post_tag","embeddable":true,"href":"https:\/\/sefaz.ac.gov.br\/2021\/index.php?rest_route=%2Fwp%2Fv2%2Ftags&post=12338"}],"curies":[{"name":"wp","href":"https:\/\/api.w.org\/{rel}","templated":true}]}}