{"id":12323,"date":"2015-09-30T10:25:13","date_gmt":"2015-09-30T13:25:13","guid":{"rendered":"http:\/\/sefaz.acre.gov.br:80\/2021\/?p=12323"},"modified":"2023-04-20T12:55:54","modified_gmt":"2023-04-20T15:55:54","slug":"lei-complementar-no-304-de-30-de-setembro-de-2015","status":"publish","type":"post","link":"https:\/\/sefaz.ac.gov.br\/2021\/?p=12323","title":{"rendered":"LEI\u00a0COMPLEMENTAR\u00a0N\u00ba 304, DE 30 DE\u00a0SETEMBRO DE\u00a02015"},"content":{"rendered":"\n<p class=\"wp-block-paragraph\"><strong>O GOVERNADOR DO ESTADO DO ACRE:<\/strong><\/p>\n\n\n\n<p class=\"wp-block-paragraph\"><strong>FA\u00c7O SABER, <\/strong>que a Assembl\u00e9ia Legislativa do Estado do Acre decreta e eu sanciono a seguinte Lei Complementar:<\/p>\n\n\n\n<p class=\"wp-block-paragraph\">Art. 1\u00b0 \u00a0A Lei Complementar n. 55, de 9 de julho de 1997, passa a vigorar com as seguintes altera\u00e7\u00f5es:<\/p>\n\n\n\n<blockquote class=\"wp-block-quote is-layout-flow wp-block-quote-is-layout-flow\">\n<p class=\"wp-block-paragraph\">&nbsp;\u201cArt. 2\u00ba&#8230;<\/p>\n\n\n\n<p class=\"wp-block-paragraph\">&nbsp;&#8230;<\/p>\n\n\n\n<p class=\"wp-block-paragraph\">Par\u00e1grafo \u00fanico. &#8230;<\/p>\n\n\n\n<p class=\"wp-block-paragraph\">&nbsp;&#8230;<\/p>\n\n\n\n<p class=\"wp-block-paragraph\">IV &#8211; as opera\u00e7\u00f5es e presta\u00e7\u00f5es iniciadas em outra unidade da Federa\u00e7\u00e3o que destinem bens e servi\u00e7os a consumidor final n\u00e3o contribuinte do ICMS localizado neste Estado.\u201d (NR)<\/p>\n\n\n\n<p class=\"wp-block-paragraph\">\u201cArt. 5\u00ba &#8230;<\/p>\n\n\n\n<p class=\"wp-block-paragraph\">&#8230;<\/p>\n\n\n\n<p class=\"wp-block-paragraph\">XVIII &#8211; do in\u00edcio das opera\u00e7\u00f5es e presta\u00e7\u00f5es em outra unidade da Federa\u00e7\u00e3o que destinem bens e servi\u00e7os a consumidor final n\u00e3o contribuinte do ICMS localizado neste Estado. (NR)<\/p>\n\n\n\n<p class=\"wp-block-paragraph\">\u201cArt. 6\u00ba &#8230;<\/p>\n\n\n\n<p class=\"wp-block-paragraph\">&#8230;<\/p>\n\n\n\n<p class=\"wp-block-paragraph\">XI &#8211; o valor da opera\u00e7\u00e3o ou pre\u00e7o do servi\u00e7o constante no documento fiscal, observado o disposto no \u00a7 1\u00ba do art. 13 da Lei Complementar n. 87, de 13 de setembro de 1996, que destinem bens e servi\u00e7os a consumidor final n\u00e3o contribuinte do ICMS localizado neste Estado. (NR)<\/p>\n\n\n\n<p class=\"wp-block-paragraph\">\u201cArt. 18. &#8230;<\/p>\n\n\n\n<p class=\"wp-block-paragraph\">&#8230;<\/p>\n\n\n\n<p class=\"wp-block-paragraph\">II &#8211; nas opera\u00e7\u00f5es e presta\u00e7\u00f5es interestaduais, doze por cento, ressalvado o disposto nos \u00a7\u00a7 1\u00ba, 2\u00ba e 3\u00ba; \u201d (NR) &#8230;<\/p>\n\n\n\n<p class=\"wp-block-paragraph\">\u201cArt. 19 &nbsp;Nas opera\u00e7\u00f5es e presta\u00e7\u00f5es que destinem bens e servi\u00e7os a consumidor final n\u00e3o contribuinte do ICMS localizado neste Estado, adotar-se-\u00e1 diferen\u00e7a entre a al\u00edquota interna prevista no art. 18 e a interestadual.<\/p>\n\n\n\n<p class=\"wp-block-paragraph\">Par\u00e1grafo \u00fanico. Aplica-se o <strong>caput <\/strong>deste artigo inclusive aos contribuintes optantes pelo Regime Especial Unificado de Arrecada\u00e7\u00e3o de Tributos e Contribui\u00e7\u00f5es devidos pelas Microempresas e Empresas de Pequeno Porte \u2013 Simples Nacional institu\u00eddo pela Lei Complementar n. 123, de 14 de dezembro de 2006, em rela\u00e7\u00e3o ao imposto devido \u00e0 unidade federada de destino, observado o disposto no par\u00e1grafo \u00fanico do art. 39-D.\u201d (NR)<\/p>\n\n\n\n<p class=\"wp-block-paragraph\">\u201cArt. 28. &#8230;<\/p>\n\n\n\n<p class=\"wp-block-paragraph\">&nbsp;&#8230;<\/p>\n\n\n\n<p class=\"wp-block-paragraph\">&nbsp;XVIII &#8211; O adquirente consumidor final n\u00e3o contribuinte do ICMS localizado neste Estado, na aquisi\u00e7\u00e3o de bens ou servi\u00e7os em opera\u00e7\u00f5es ou presta\u00e7\u00f5es interestaduais, com o remetente do bem, ou com o prestador do servi\u00e7o, estabelecido em outra unidade da Federa\u00e7\u00e3o.\u201d (NR)<\/p>\n<\/blockquote>\n\n\n\n<p class=\"wp-block-paragraph\">Art. 2\u00ba \u00a0A Lei Complementar n. 55, de 9 de julho de 1997, passa a vigorar acrescida dos artigos 27-A e 64-B:<\/p>\n\n\n\n<blockquote class=\"wp-block-quote is-layout-flow wp-block-quote-is-layout-flow\">\n<p class=\"wp-block-paragraph\">&#8230;<\/p>\n\n\n\n<p class=\"wp-block-paragraph\">\u201cArt. 27-A. &nbsp;Nas opera\u00e7\u00f5es e presta\u00e7\u00f5es interestaduais que destinem bens ou servi\u00e7os a consumidor final n\u00e3o contribuinte do ICMS, localizado neste Estado, fica o estabelecimento do contribuinte remetente ou prestador, na condi\u00e7\u00e3o de substituto tribut\u00e1rio, respons\u00e1vel pelo pagamento do ICMS devido ao Estado do Acre.<\/p>\n\n\n\n<p class=\"wp-block-paragraph\">Par\u00e1grafo \u00fanico. O substituto tribut\u00e1rio pode ser credenciado neste estado para efetuar a reten\u00e7\u00e3o, apura\u00e7\u00e3o e pagamento do ICMS devido a este Estado, conforme disposto em regulamento.\u201d (NR)<\/p>\n\n\n\n<p class=\"wp-block-paragraph\">\u201cArt. 64-B. &nbsp;O ICMS correspondente \u00e0 diferen\u00e7a entre a al\u00edquota interna da unidade federada de destino e a interestadual, nas opera\u00e7\u00f5es e presta\u00e7\u00f5es que destinem bem ou servi\u00e7o a consumidor final n\u00e3o contribuinte do imposto localizado em outra unidade da Federa\u00e7\u00e3o, ser\u00e1 partilhado entre as unidades federadas de origem e destino, na seguinte propor\u00e7\u00e3o:<\/p>\n\n\n\n<p class=\"wp-block-paragraph\">I &#8211; para o ano de 2016: 40% (quarenta por cento) para o estado de destino e 60% (sessenta por cento) para o estado de origem do montante apurado;<\/p>\n\n\n\n<p class=\"wp-block-paragraph\">II &#8211; para o ano de 2017: 60% (sessenta por cento) para o estado de destino e 40% (quarenta por cento) para o estado de origem do montante apurado;<\/p>\n\n\n\n<p class=\"wp-block-paragraph\">III &#8211; para o ano de 2018: 80% (oitenta por cento) para o estado de destino e 20% (vinte por cento) para o estado de origem do montante apurado;<\/p>\n\n\n\n<p class=\"wp-block-paragraph\">IV &#8211; a partir do ano de 2019: 100% (cem por cento) para o estado de destino do montante apurado.\u201d (NR)<\/p>\n<\/blockquote>\n\n\n\n<p class=\"wp-block-paragraph\">Art. 3\u00ba Esta Lei Complementar entra em vigor na data de sua publica\u00e7\u00e3o, produzindo efeitos a partir de 1\u00ba de janeiro de 2016.<\/p>\n\n\n\n<p class=\"wp-block-paragraph\">Art. 4\u00ba Ficam revogados os incisos I e II do art. 19 da Lei Complementar n. 55, de 9 de julho de 1997.<\/p>\n\n\n\n<p class=\"wp-block-paragraph\">Rio Branco-Acre, 22 de setembro de 2015, 127\u00ba da Rep\u00fablica, 113\u00ba do Tratado de Petr\u00f3polis e 54\u00ba do Estado do Acre.<\/p>\n","protected":false},"excerpt":{"rendered":"<p>Altera a Lei Complementar n. 55, de 9 de julho de 1997, que \u201cdisp\u00f5e quanto ao Imposto sobre Opera\u00e7\u00f5es Relativas \u00e0 Circula\u00e7\u00e3o de Mercadorias e sobre Presta\u00e7\u00e3o de Servi\u00e7os de Transporte Interestadual e Intermunicipal e de Comunica\u00e7\u00e3o \u2013 ICMS<\/p>\n","protected":false},"author":5,"featured_media":0,"comment_status":"closed","ping_status":"closed","sticky":false,"template":"","format":"standard","meta":{"_acf_changed":false,"footnotes":""},"categories":[3,30],"tags":[35],"class_list":["post-12323","post","type-post","status-publish","format-standard","hentry","category-legislacao","category-leis-complementares","tag-icms"],"acf":[],"_links":{"self":[{"href":"https:\/\/sefaz.ac.gov.br\/2021\/index.php?rest_route=\/wp\/v2\/posts\/12323","targetHints":{"allow":["GET"]}}],"collection":[{"href":"https:\/\/sefaz.ac.gov.br\/2021\/index.php?rest_route=\/wp\/v2\/posts"}],"about":[{"href":"https:\/\/sefaz.ac.gov.br\/2021\/index.php?rest_route=\/wp\/v2\/types\/post"}],"author":[{"embeddable":true,"href":"https:\/\/sefaz.ac.gov.br\/2021\/index.php?rest_route=\/wp\/v2\/users\/5"}],"replies":[{"embeddable":true,"href":"https:\/\/sefaz.ac.gov.br\/2021\/index.php?rest_route=%2Fwp%2Fv2%2Fcomments&post=12323"}],"version-history":[{"count":0,"href":"https:\/\/sefaz.ac.gov.br\/2021\/index.php?rest_route=\/wp\/v2\/posts\/12323\/revisions"}],"wp:attachment":[{"href":"https:\/\/sefaz.ac.gov.br\/2021\/index.php?rest_route=%2Fwp%2Fv2%2Fmedia&parent=12323"}],"wp:term":[{"taxonomy":"category","embeddable":true,"href":"https:\/\/sefaz.ac.gov.br\/2021\/index.php?rest_route=%2Fwp%2Fv2%2Fcategories&post=12323"},{"taxonomy":"post_tag","embeddable":true,"href":"https:\/\/sefaz.ac.gov.br\/2021\/index.php?rest_route=%2Fwp%2Fv2%2Ftags&post=12323"}],"curies":[{"name":"wp","href":"https:\/\/api.w.org\/{rel}","templated":true}]}}