{"id":12303,"date":"2013-12-30T09:43:43","date_gmt":"2013-12-30T11:43:43","guid":{"rendered":"http:\/\/sefaz.acre.gov.br:80\/2021\/?p=12303"},"modified":"2023-04-20T12:51:04","modified_gmt":"2023-04-20T15:51:04","slug":"lei-complementar-n-272-de-30-de-dezembro-de-2013","status":"publish","type":"post","link":"https:\/\/sefaz.ac.gov.br\/2021\/?p=12303","title":{"rendered":"LEI COMPLEMENTAR\u00a0N\u00b0 272 DE 30 DE DEZEMBRO DE\u00a02013"},"content":{"rendered":"\n<p class=\"wp-block-paragraph\"><strong>O GOVERNADOR DO ESTADO DO ACRE<\/strong><\/p>\n\n\n\n<p class=\"wp-block-paragraph\"><strong>FA\u00c7O SABER<\/strong> que a Assembleia Legislativa do Estado do Acre decreta e eu sanciono a seguinte Lei Complementar:<\/p>\n\n\n\n<p class=\"wp-block-paragraph\">Art. 1\u00ba &nbsp;Fica institu\u00eddo o Programa de Fomento \u00e0s Empresas Prestadoras de Servi\u00e7o de Telemarketing ou Call Center, destinado \u00e0 diversifica\u00e7\u00e3o e atra\u00e7\u00e3o de investimentos para o polo econ\u00f4mico de servi\u00e7os e \u00e0 gera\u00e7\u00e3o de empregos no Estado.<\/p>\n\n\n\n<p class=\"wp-block-paragraph\">Art. 2\u00ba &nbsp;O Estado poder\u00e1 dispensar tratamento tribut\u00e1rio especial para as empresas enquadradas no Programa, de modo a reduzir-lhes a carga tribut\u00e1ria \u00e0 al\u00edquota de sete por cento relativamente ao Imposto sobre Opera\u00e7\u00f5es Relativas \u00e0 Circula\u00e7\u00e3o de Mercadorias e sobre Presta\u00e7\u00f5es de Servi\u00e7os de Transporte Interestadual e Intermunicipal e de Comunica\u00e7\u00e3o &#8211; ICMS incidente sobre os servi\u00e7os comunica\u00e7\u00e3o.<\/p>\n\n\n\n<p class=\"wp-block-paragraph\">Art. 3\u00ba &nbsp;Fica o Poder Executivo autorizado a fazer a concess\u00e3o de uso de bens m\u00f3veis e a concess\u00e3o de direito real de uso de im\u00f3veis de propriedade do Estado \u00e0s Empresas Prestadoras de Servi\u00e7o de Telemarketing ou Call Center, destinados exclusivamente ao atendimento dos objetivos do Programa institu\u00eddo por esta lei complementar.<\/p>\n\n\n\n<p class=\"wp-block-paragraph\">Par\u00e1grafo \u00fanico. &nbsp;O prazo estabelecido para a concess\u00e3o de uso de bens m\u00f3veis ou para a concess\u00e3o de direito real de uso ser\u00e1 de cinco anos, renov\u00e1veis por igual per\u00edodo, mediante requerimento do concession\u00e1rio.<\/p>\n\n\n\n<p class=\"wp-block-paragraph\">Art. 4\u00b0 &nbsp;Caber\u00e1 ao concession\u00e1rio, manter, zelar e conservar os m\u00f3veis e im\u00f3veis cedidos, responsabilizando-se por quaisquer tributos e danos causados ao patrim\u00f4nio p\u00fablico ou a terceiros.<\/p>\n\n\n\n<p class=\"wp-block-paragraph\">Art. 5\u00b0 &nbsp;Fica o concession\u00e1rio obrigado, ao t\u00e9rmino do prazo da concess\u00e3o, a devolver os m\u00f3veis e im\u00f3veis nas mesmas condi\u00e7\u00f5es em que os recebeu, sem direito a qualquer indeniza\u00e7\u00e3o pelas benfeitorias realizadas.<\/p>\n\n\n\n<p class=\"wp-block-paragraph\">Art. 6\u00ba &nbsp;A concess\u00e3o de que trata esta lei tornar-se-\u00e1 nula de pleno direito, independente de interpela\u00e7\u00e3o judicial ou extrajudicial, se o concession\u00e1rio der outra finalidade aos bens cedidos, revertendo-os ao patrim\u00f4nio do Estado, sem direito a indeniza\u00e7\u00e3o por quaisquer benfeitorias realizadas.<\/p>\n\n\n\n<p class=\"wp-block-paragraph\">Art. 7\u00ba &nbsp;Os atos necess\u00e1rios \u00e0 formaliza\u00e7\u00e3o da concess\u00e3o tratada nesta lei complementar ser\u00e3o realizados pela Procuradoria Geral do Estado \u2013 PGE e pela Secretaria de Estado da Gest\u00e3o Administrativa &#8211; SGA.<\/p>\n\n\n\n<p class=\"wp-block-paragraph\">Art. 8\u00ba &nbsp;Para enquadrar-se no Programa a empresa interessada dever\u00e1:<\/p>\n\n\n\n<p class=\"wp-block-paragraph\">I &#8211; apresentar projeto pr\u00e9vio de investimento em servi\u00e7os de telemarketing nas regi\u00f5es industriais do Estado;<\/p>\n\n\n\n<p class=\"wp-block-paragraph\">II &#8211; comprovar que ir\u00e1 contratar m\u00e3o de obra local em n\u00famero suficiente \u00e0 m\u00e9dia nacional do setor;<\/p>\n\n\n\n<p class=\"wp-block-paragraph\">III &#8211; investir em tecnologia, treinamento e produ\u00e7\u00e3o de conhecimento em territ\u00f3rio acriano; e<\/p>\n\n\n\n<p class=\"wp-block-paragraph\">IV &#8211; promover a\u00e7\u00f5es de responsabilidade com vistas \u00e0 inclus\u00e3o social.<\/p>\n\n\n\n<p class=\"wp-block-paragraph\">Art. 9\u00ba &nbsp;O enquadramento no programa a que se refere esta lei complementar ser\u00e1 reconhecido por ato conjunto dos Secret\u00e1rios de Estado de Desenvolvimento Florestal, da Ind\u00fastria, do Com\u00e9rcio e dos Servi\u00e7os Sustent\u00e1veis \u2013 SEDENS e da Fazenda &#8211; SEFAZ, desde que a empresa comprove o atendimento das condi\u00e7\u00f5es estabelecidas no art. 8\u00ba.<\/p>\n\n\n\n<p class=\"wp-block-paragraph\">Art. 10. \u00a0O art. 18 da Lei Complementar n. 55, de 9 de julho de 1997, fica alterado em seu inciso III e acrescido do inciso VI, com a seguinte reda\u00e7\u00e3o:<\/p>\n\n\n\n<blockquote class=\"wp-block-quote is-layout-flow wp-block-quote-is-layout-flow\">\n<p class=\"wp-block-paragraph\">\u201cArt. 18. &#8230;<\/p>\n\n\n\n<p class=\"wp-block-paragraph\">&#8230;<\/p>\n\n\n\n<p class=\"wp-block-paragraph\">III &#8211; nas opera\u00e7\u00f5es e presta\u00e7\u00f5es internas, vinte e cinco por cento, excetuadas as hip\u00f3teses de que tratam os incisos V e VI, para:<\/p>\n\n\n\n<p class=\"wp-block-paragraph\">&#8230;<\/p>\n\n\n\n<p class=\"wp-block-paragraph\">VI &#8211; nas presta\u00e7\u00f5es de servi\u00e7os de comunica\u00e7\u00e3o destinadas a empreendimentos enquadrados no Programa de Fomento \u00e0s Empresas Prestadoras de Servi\u00e7o de Telemarketing sete por cento.\u201d (NR)<\/p>\n<\/blockquote>\n\n\n\n<p class=\"wp-block-paragraph\">Art. 11. &nbsp;Esta Lei Complementar entra em vigor na data de sua publica\u00e7\u00e3o.<\/p>\n\n\n\n<p class=\"wp-block-paragraph\">Rio Branco-Acre, 30 de dezembro de 2013, 125\u00ba da Rep\u00fablica, 111\u00ba do Tratado de Petr\u00f3polis e 52\u00ba do Estado do Acre.<\/p>\n","protected":false},"excerpt":{"rendered":"<p>Institui o Programa de Fomento \u00e0s Empresas Prestadoras de Servi\u00e7o de Telemarketing e altera dispositivos da Lei Complementar n. 55, de 9 de julho de 1997, que disp\u00f5e sobre o Imposto sobre Opera\u00e7\u00f5es Relativas \u00e0 Circula\u00e7\u00e3o de Mercadorias e sobre Presta\u00e7\u00f5es de Servi\u00e7os de Transporte Interestadual e Intermunicipal e de Comunica\u00e7\u00e3o &#8211; ICMS.<\/p>\n","protected":false},"author":5,"featured_media":0,"comment_status":"closed","ping_status":"closed","sticky":false,"template":"","format":"standard","meta":{"_acf_changed":false,"footnotes":""},"categories":[3,30],"tags":[35],"class_list":["post-12303","post","type-post","status-publish","format-standard","hentry","category-legislacao","category-leis-complementares","tag-icms"],"acf":[],"_links":{"self":[{"href":"https:\/\/sefaz.ac.gov.br\/2021\/index.php?rest_route=\/wp\/v2\/posts\/12303","targetHints":{"allow":["GET"]}}],"collection":[{"href":"https:\/\/sefaz.ac.gov.br\/2021\/index.php?rest_route=\/wp\/v2\/posts"}],"about":[{"href":"https:\/\/sefaz.ac.gov.br\/2021\/index.php?rest_route=\/wp\/v2\/types\/post"}],"author":[{"embeddable":true,"href":"https:\/\/sefaz.ac.gov.br\/2021\/index.php?rest_route=\/wp\/v2\/users\/5"}],"replies":[{"embeddable":true,"href":"https:\/\/sefaz.ac.gov.br\/2021\/index.php?rest_route=%2Fwp%2Fv2%2Fcomments&post=12303"}],"version-history":[{"count":0,"href":"https:\/\/sefaz.ac.gov.br\/2021\/index.php?rest_route=\/wp\/v2\/posts\/12303\/revisions"}],"wp:attachment":[{"href":"https:\/\/sefaz.ac.gov.br\/2021\/index.php?rest_route=%2Fwp%2Fv2%2Fmedia&parent=12303"}],"wp:term":[{"taxonomy":"category","embeddable":true,"href":"https:\/\/sefaz.ac.gov.br\/2021\/index.php?rest_route=%2Fwp%2Fv2%2Fcategories&post=12303"},{"taxonomy":"post_tag","embeddable":true,"href":"https:\/\/sefaz.ac.gov.br\/2021\/index.php?rest_route=%2Fwp%2Fv2%2Ftags&post=12303"}],"curies":[{"name":"wp","href":"https:\/\/api.w.org\/{rel}","templated":true}]}}