{"id":12297,"date":"2013-12-27T09:28:43","date_gmt":"2013-12-27T11:28:43","guid":{"rendered":"http:\/\/sefaz.acre.gov.br:80\/2021\/?p=12297"},"modified":"2023-04-20T12:51:37","modified_gmt":"2023-04-20T15:51:37","slug":"lei-complementar-no-269-de-27-de-dezembro-de-2013","status":"publish","type":"post","link":"https:\/\/sefaz.ac.gov.br\/2021\/?p=12297","title":{"rendered":"LEI COMPLEMENTAR\u00a0N\u00ba 269, DE 27 DE DEZEMBRO DE 2013"},"content":{"rendered":"\n<p class=\"wp-block-paragraph\"><strong>O<\/strong><strong> GOVERNADOR<\/strong><strong> DO<\/strong><strong> ESTADO<\/strong><strong> DO<\/strong><strong> ACRE:<\/strong><\/p>\n\n\n\n<p class=\"wp-block-paragraph\"><strong>FA\u00c7O<\/strong><strong> <\/strong><strong>SABER,<\/strong><strong> <\/strong>que a Assembl\u00e9ia Legislativa do Estado do Acre decreta e eu sanciono a seguinte Lei Complementar:<\/p>\n\n\n\n<p class=\"wp-block-paragraph\">Art. 1\u00ba\u00a0 A Lei Complementar n\u00ba 55, de 9 de julho de 1997, passa a vigorar com a seguinte reda\u00e7\u00e3o:<\/p>\n\n\n\n<blockquote class=\"wp-block-quote is-layout-flow wp-block-quote-is-layout-flow\">\n<p class=\"wp-block-paragraph\">\u201cArt. 18. &#8230;<\/p>\n\n\n\n<p class=\"wp-block-paragraph\">&#8230;<\/p>\n\n\n\n<p class=\"wp-block-paragraph\">V &#8211; &#8230;<\/p>\n\n\n\n<p class=\"wp-block-paragraph\">a) consumo mensal de at\u00e9 100kwh, isento\u201d. (NR)<\/p>\n<\/blockquote>\n\n\n\n<p class=\"wp-block-paragraph\">Art. 2\u00ba&nbsp; Esta Lei Complementar entra em vigor &nbsp;na data de sua publica\u00e7\u00e3o, produzindo efeitos a contar de 1\u00ba de janeiro de 2014.<\/p>\n\n\n\n<p class=\"wp-block-paragraph\">Rio Branco-Acre, 27 de dezembro de 2013, 125\u00ba da Rep\u00fablica, 111\u00ba do Tratado de Petr\u00f3polis e 52\u00ba do Estado do Acre.<\/p>\n","protected":false},"excerpt":{"rendered":"<p>Altera a Lei Complementar n\u00ba 55, de 9 de julho de 1997, que disp\u00f5e quanto ao Imposto sobre Opera\u00e7\u00f5es Relativas \u00e0 Circula\u00e7\u00e3o de Mercadorias e sobre Presta\u00e7\u00f5es de Servi\u00e7os de Transporte Interestadual e Intermunicipal e de Comunica\u00e7\u00e3o \u2013 ICMS e d\u00e1 outras provid\u00eancias.<\/p>\n","protected":false},"author":5,"featured_media":0,"comment_status":"closed","ping_status":"closed","sticky":false,"template":"","format":"standard","meta":{"_acf_changed":false,"footnotes":""},"categories":[3,30],"tags":[35],"class_list":["post-12297","post","type-post","status-publish","format-standard","hentry","category-legislacao","category-leis-complementares","tag-icms"],"acf":[],"_links":{"self":[{"href":"https:\/\/sefaz.ac.gov.br\/2021\/index.php?rest_route=\/wp\/v2\/posts\/12297","targetHints":{"allow":["GET"]}}],"collection":[{"href":"https:\/\/sefaz.ac.gov.br\/2021\/index.php?rest_route=\/wp\/v2\/posts"}],"about":[{"href":"https:\/\/sefaz.ac.gov.br\/2021\/index.php?rest_route=\/wp\/v2\/types\/post"}],"author":[{"embeddable":true,"href":"https:\/\/sefaz.ac.gov.br\/2021\/index.php?rest_route=\/wp\/v2\/users\/5"}],"replies":[{"embeddable":true,"href":"https:\/\/sefaz.ac.gov.br\/2021\/index.php?rest_route=%2Fwp%2Fv2%2Fcomments&post=12297"}],"version-history":[{"count":0,"href":"https:\/\/sefaz.ac.gov.br\/2021\/index.php?rest_route=\/wp\/v2\/posts\/12297\/revisions"}],"wp:attachment":[{"href":"https:\/\/sefaz.ac.gov.br\/2021\/index.php?rest_route=%2Fwp%2Fv2%2Fmedia&parent=12297"}],"wp:term":[{"taxonomy":"category","embeddable":true,"href":"https:\/\/sefaz.ac.gov.br\/2021\/index.php?rest_route=%2Fwp%2Fv2%2Fcategories&post=12297"},{"taxonomy":"post_tag","embeddable":true,"href":"https:\/\/sefaz.ac.gov.br\/2021\/index.php?rest_route=%2Fwp%2Fv2%2Ftags&post=12297"}],"curies":[{"name":"wp","href":"https:\/\/api.w.org\/{rel}","templated":true}]}}