{"id":12289,"date":"2012-12-27T15:12:55","date_gmt":"2012-12-27T17:12:55","guid":{"rendered":"http:\/\/sefaz.acre.gov.br:80\/2021\/?p=12289"},"modified":"2023-04-20T12:52:17","modified_gmt":"2023-04-20T15:52:17","slug":"lei-complementsr-n254-de-27-de-dezembro-de-2012","status":"publish","type":"post","link":"https:\/\/sefaz.ac.gov.br\/2021\/?p=12289","title":{"rendered":"LEI\u00a0COMPLEMENTAR\u00a0N\u00b0254 DE 27 DE DEZEMBRO DE\u00a02012"},"content":{"rendered":"\n<p class=\"wp-block-paragraph\"><strong>O GOVERNADOR DO ESTADO DO ACRE:<\/strong><\/p>\n\n\n\n<p class=\"wp-block-paragraph\"><strong>FA\u00c7O SABER, <\/strong>que a Assembl\u00e9ia Legislativa do Estado do Acre decreta e eu sanciono a seguinte Lei Complementar:<\/p>\n\n\n\n<p class=\"wp-block-paragraph\">Art. 1\u00ba\u00a0 A Lei Complementar n\u00ba 55, de 9 de julho de 1997, passa a vigorar com a seguinte reda\u00e7\u00e3o:<\/p>\n\n\n\n<blockquote class=\"wp-block-quote is-layout-flow wp-block-quote-is-layout-flow\">\n<p class=\"wp-block-paragraph\">\u201cArt. 18 &#8230;<\/p>\n\n\n\n<p class=\"wp-block-paragraph\">&nbsp;&#8230;<\/p>\n\n\n\n<p class=\"wp-block-paragraph\">II &#8211; nas opera\u00e7\u00f5es e presta\u00e7\u00f5es interestaduais destinadas a contribuinte do imposto, doze por cento, ressalvado o disposto nos \u00a7\u00a7 1\u00ba, 2\u00ba e 3\u00ba;<\/p>\n\n\n\n<p class=\"wp-block-paragraph\">&#8230;<\/p>\n\n\n\n<p class=\"wp-block-paragraph\">\u00a7 1\u00ba&nbsp; A al\u00edquota interna ser\u00e1 tamb\u00e9m aplicada quando:<\/p>\n\n\n\n<p class=\"wp-block-paragraph\">I &#8211; nas presta\u00e7\u00f5es de servi\u00e7o de comunica\u00e7\u00f5es iniciadas no exterior; e,<\/p>\n\n\n\n<p class=\"wp-block-paragraph\">II &#8211; da arremata\u00e7\u00e3o de mercadoria e bens apreendidos.<\/p>\n\n\n\n<p class=\"wp-block-paragraph\">\u00a7 2\u00ba<strong> &nbsp;<\/strong>Aplica-se a al\u00edquota de quatro por cento nas opera\u00e7\u00f5es interestaduais com bens e mercadorias importados do exterior que, ap\u00f3s o desembara\u00e7o aduaneiro:<\/p>\n\n\n\n<p class=\"wp-block-paragraph\">I &#8211; n\u00e3o tenham sido submetidos a processo de industrializa\u00e7\u00e3o; e,<\/p>\n\n\n\n<p class=\"wp-block-paragraph\">II &#8211; ainda que submetidos a processo de transforma\u00e7\u00e3o, beneficiamento, montagem, acondicionamento, reacondicionamento, renova\u00e7\u00e3o ou recondicionamento, resultem em mercadorias ou bens com conte\u00fado de importa\u00e7\u00e3o superior a quarenta por cento.<\/p>\n\n\n\n<p class=\"wp-block-paragraph\">\u00a7 3\u00ba&nbsp; N\u00e3o se aplica o disposto no \u00a7 2\u00ba nas opera\u00e7\u00f5es interestaduais com:<\/p>\n\n\n\n<p class=\"wp-block-paragraph\">I &#8211; bens e mercadorias importados do exterior que n\u00e3o tenham similar nacional, definidos em lista editada pelo Conselho de Ministros da C\u00e2mara de Com\u00e9rcio Exterior &#8211; CAMEX &#8211; para os fins da Resolu\u00e7\u00e3o do Senado Federal n\u00ba 13\/2012;<\/p>\n\n\n\n<p class=\"wp-block-paragraph\">II &#8211; bens e mercadorias produzidos em conformidade com os processos produtivos b\u00e1sicos de que tratam o Decreto-Lei n\u00ba 288, de 28 de fevereiro de 1967, e as Leis n\u00bas 8.248, de 23 de outubro de 1991, 8.387, de 30 de dezembro de 1991, 10.176, de 11 de janeiro de 2001, e 11.484, de 31 de maio de 2007; e,<\/p>\n\n\n\n<p class=\"wp-block-paragraph\">III &#8211; g\u00e1s natural importado do exterior.\u201d &nbsp;(NR)<\/p>\n<\/blockquote>\n\n\n\n<p class=\"wp-block-paragraph\">Art. 2\u00ba&nbsp; Esta Lei Complementar entra em vigor em 1\u00ba de janeiro de 2013.<\/p>\n\n\n\n<p class=\"wp-block-paragraph\">Rio Branco-Acre, 27 de dezembro de 2012, 124\u00ba da Rep\u00fablica, 110\u00ba do Tratado de Petr\u00f3polis e 51\u00ba do Estado do Acre.<\/p>\n","protected":false},"excerpt":{"rendered":"<p>Altera a Lei Complementar n\u00ba 55, de 9 de julho de 1997, que disp\u00f5e quanto ao Imposto sobre Opera\u00e7\u00f5es Relativas \u00e0 Circula\u00e7\u00e3o de Mercadorias e sobre Presta\u00e7\u00f5es de Servi\u00e7os de Transporte Interestadual e Intermunicipal e de Comunica\u00e7\u00e3o &#8211; ICMS, e d\u00e1 outras provid\u00eancias.<\/p>\n","protected":false},"author":5,"featured_media":0,"comment_status":"closed","ping_status":"closed","sticky":false,"template":"","format":"standard","meta":{"_acf_changed":false,"footnotes":""},"categories":[3,30],"tags":[35],"class_list":["post-12289","post","type-post","status-publish","format-standard","hentry","category-legislacao","category-leis-complementares","tag-icms"],"acf":[],"_links":{"self":[{"href":"https:\/\/sefaz.ac.gov.br\/2021\/index.php?rest_route=\/wp\/v2\/posts\/12289","targetHints":{"allow":["GET"]}}],"collection":[{"href":"https:\/\/sefaz.ac.gov.br\/2021\/index.php?rest_route=\/wp\/v2\/posts"}],"about":[{"href":"https:\/\/sefaz.ac.gov.br\/2021\/index.php?rest_route=\/wp\/v2\/types\/post"}],"author":[{"embeddable":true,"href":"https:\/\/sefaz.ac.gov.br\/2021\/index.php?rest_route=\/wp\/v2\/users\/5"}],"replies":[{"embeddable":true,"href":"https:\/\/sefaz.ac.gov.br\/2021\/index.php?rest_route=%2Fwp%2Fv2%2Fcomments&post=12289"}],"version-history":[{"count":0,"href":"https:\/\/sefaz.ac.gov.br\/2021\/index.php?rest_route=\/wp\/v2\/posts\/12289\/revisions"}],"wp:attachment":[{"href":"https:\/\/sefaz.ac.gov.br\/2021\/index.php?rest_route=%2Fwp%2Fv2%2Fmedia&parent=12289"}],"wp:term":[{"taxonomy":"category","embeddable":true,"href":"https:\/\/sefaz.ac.gov.br\/2021\/index.php?rest_route=%2Fwp%2Fv2%2Fcategories&post=12289"},{"taxonomy":"post_tag","embeddable":true,"href":"https:\/\/sefaz.ac.gov.br\/2021\/index.php?rest_route=%2Fwp%2Fv2%2Ftags&post=12289"}],"curies":[{"name":"wp","href":"https:\/\/api.w.org\/{rel}","templated":true}]}}