{"id":12252,"date":"2002-12-30T13:19:30","date_gmt":"2002-12-30T15:19:30","guid":{"rendered":"http:\/\/sefaz.acre.gov.br:80\/2021\/?p=12252"},"modified":"2023-04-20T12:44:01","modified_gmt":"2023-04-20T15:44:01","slug":"lei-complementar-no-113-de-30-de-dezembro-de-2002","status":"publish","type":"post","link":"https:\/\/sefaz.ac.gov.br\/2021\/?p=12252","title":{"rendered":"LEI COMPLEMENTAR N\u00ba 113, DE 30 DE DEZEMBRO DE\u00a02002"},"content":{"rendered":"\n<p class=\"wp-block-paragraph\"><strong>O GOVERNADOR DO ESTADO DO ACRE:<\/strong><\/p>\n\n\n\n<p class=\"wp-block-paragraph\"><strong>&nbsp;&nbsp;&nbsp;&nbsp;&nbsp;&nbsp;&nbsp;&nbsp;&nbsp;&nbsp;&nbsp; FA\u00c7O SABER<\/strong>, que&nbsp; a Assembl\u00e9ia Legislativa do Estado do Acre decreta e eu sanciono a seguinte lei complementar:<\/p>\n\n\n\n<p class=\"wp-block-paragraph\">Art. 1\u00ba\u00a0 A Lei Complementar n\u00ba 55, de 9 de julho de 1997, passa a vigorar com as seguintes altera\u00e7\u00f5es (NR) e acr\u00e9scimos (AC):<\/p>\n\n\n\n<blockquote class=\"wp-block-quote is-layout-flow wp-block-quote-is-layout-flow\">\n<p class=\"wp-block-paragraph\">&#8220;Art. 2\u00b0&nbsp; &#8230;&#8230;&#8230;&#8230;&#8230;&#8230;&#8230;&#8230;&#8230;&#8230;&#8230;&#8230;&#8230;&#8230;&#8230;&#8230;&#8230;&#8230;&#8230;&#8230;&#8230;&#8230;&#8230;&#8230;&#8230;&#8230;&#8230;&#8230;.<\/p>\n\n\n\n<p class=\"wp-block-paragraph\">&nbsp;&nbsp;&nbsp;&nbsp;&nbsp;&nbsp;&nbsp;&nbsp;&nbsp;&nbsp;&nbsp; &#8230;&#8230;&#8230;&#8230;&#8230;&#8230;&#8230;&#8230;&#8230;&#8230;&#8230;&#8230;&#8230;&#8230;&#8230;&#8230;&#8230;&#8230;&#8230;&#8230;&#8230;&#8230;&#8230;&#8230;&#8230;&#8230;&#8230;&#8230;&#8230;&#8230;&#8230;&#8230;&#8230;&#8230;<\/p>\n\n\n\n<p class=\"wp-block-paragraph\">Par\u00e1grafo \u00fanico.&nbsp; O imposto incide tamb\u00e9m sobre:<\/p>\n\n\n\n<p class=\"wp-block-paragraph\">I \u2013 a entrada de mercadoria ou bem importado do exterior, por pessoa f\u00edsica ou jur\u00eddica, ainda que n\u00e3o seja contribuinte habitual do imposto, qualquer que seja a sua finalidade; (NR)<\/p>\n\n\n\n<p class=\"wp-block-paragraph\">&nbsp;&nbsp;&nbsp;&nbsp;&nbsp;&nbsp;&nbsp;&nbsp;&nbsp;&nbsp;&nbsp; &#8230;&#8230;&#8230;&#8230;&#8230;&#8230;&#8230;&#8230;&#8230;&#8230;&#8230;&#8230;&#8230;&#8230;&#8230;&#8230;&#8230;&#8230;&#8230;&#8230;&#8230;&#8230;&#8230;&#8230;&#8230;&#8230;&#8230;&#8230;&#8230;&#8230;.\u201d<\/p>\n\n\n\n<p class=\"wp-block-paragraph\">\u201cArt. 5\u00b0 &#8230;&#8230;&#8230;&#8230;&#8230;&#8230;&#8230;&#8230;&#8230;&#8230;&#8230;&#8230;&#8230;&#8230;&#8230;&#8230;&#8230;&#8230;&#8230;&#8230;&#8230;&#8230;&#8230;&#8230;&#8230;&#8230;&#8230;&#8230;<\/p>\n\n\n\n<p class=\"wp-block-paragraph\">&#8230;&#8230;&#8230;&#8230;&#8230;&#8230;&#8230;&#8230;&#8230;&#8230;&#8230;&#8230;&#8230;&#8230;&#8230;&#8230;&#8230;&#8230;&#8230;&#8230;&#8230;&#8230;&#8230;&#8230;&#8230;&#8230;&#8230;&#8230;&#8230;&#8230;&#8230;&#8230;&#8230;&#8230;<\/p>\n\n\n\n<p class=\"wp-block-paragraph\">III \u2013 da aquisi\u00e7\u00e3o em licita\u00e7\u00e3o p\u00fablica de mercadorias ou bens importados do exterior e apreendidos ou abandonados; (NR)<\/p>\n\n\n\n<p class=\"wp-block-paragraph\">&nbsp;XI \u2013 &#8230;&#8230;&#8230;&#8230;&#8230;&#8230;&#8230;&#8230;&#8230;&#8230;&#8230;&#8230;&#8230;&#8230;&#8230;&#8230;&#8230;&#8230;&#8230;&#8230;&#8230;&#8230;&#8230;&#8230;&#8230;&#8230;&#8230;&#8230;&#8230;&#8230;&#8230;.<\/p>\n\n\n\n<p class=\"wp-block-paragraph\">&nbsp;&nbsp;&nbsp;&nbsp;&nbsp;&nbsp;&nbsp;&nbsp;&nbsp;&nbsp;&nbsp; &#8230;&#8230;&#8230;&#8230;&#8230;&#8230;&#8230;&#8230;&#8230;&#8230;&#8230;&#8230;&#8230;&#8230;&#8230;&#8230;&#8230;&#8230;&#8230;&#8230;&#8230;&#8230;&#8230;&#8230;&#8230;&#8230;&#8230;&#8230;&#8230;&#8230;&#8230;&#8230;&#8230;&#8230;<\/p>\n\n\n\n<p class=\"wp-block-paragraph\">c) lubrificantes e combust\u00edveis l\u00edquidos e gasosos derivados de petr\u00f3leo e energia el\u00e9trica, quando n\u00e3o destinados \u00e0 comercializa\u00e7\u00e3o ou \u00e0 industrializa\u00e7\u00e3o.\u201d (NR).<\/p>\n\n\n\n<p class=\"wp-block-paragraph\">XIV \u2013 da entrada ou do recebimento de mercadoria, do bem ou do servi\u00e7o no estabelecimento do adquirente ou em outro por ele indicado, para efeito de exig\u00eancia do imposto por substitui\u00e7\u00e3o tribut\u00e1ria; (NR)<\/p>\n\n\n\n<p class=\"wp-block-paragraph\">&nbsp;&nbsp;&nbsp;&nbsp;&nbsp;&nbsp;&nbsp;&nbsp;&nbsp;&nbsp;&nbsp; &#8230;&#8230;&#8230;&#8230;&#8230;&#8230;&#8230;&#8230;&#8230;&#8230;&#8230;&#8230;&#8230;&#8230;&#8230;&#8230;&#8230;&#8230;&#8230;&#8230;&#8230;&#8230;&#8230;&#8230;&#8230;&#8230;&#8230;&#8230;&#8230;&#8230;&#8230;..<\/p>\n\n\n\n<p class=\"wp-block-paragraph\">&nbsp;&nbsp;&nbsp;&nbsp;&nbsp;&nbsp;&nbsp;&nbsp;&nbsp;&nbsp;&nbsp; &#8230;&#8230;&#8230;&#8230;&#8230;&#8230;&#8230;&#8230;&#8230;&#8230;&#8230;&#8230;&#8230;&#8230;&#8230;&#8230;&#8230;&#8230;&#8230;&#8230;&#8230;&#8230;&#8230;&#8230;&#8230;&#8230;&#8230;&#8230;&#8230;&#8230;&#8230;&#8230;<\/p>\n\n\n\n<p class=\"wp-block-paragraph\">\u00a7 7\u00b0&nbsp; Na hip\u00f3tese de entrega de mercadoria ou bem importados do exterior antes do desembara\u00e7o aduaneiro, considera-se ocorrido o fato gerador neste momento, devendo a autoridade respons\u00e1vel, salvo disposi\u00e7\u00e3o em contr\u00e1rio, exigir a comprova\u00e7\u00e3o do pagamento do imposto.\u201d (AC)<\/p>\n\n\n\n<p class=\"wp-block-paragraph\">\u201cArt. 6\u00b0&nbsp; \u2026\u2026\u2026\u2026\u2026\u2026\u2026\u2026\u2026\u2026\u2026\u2026\u2026\u2026\u2026\u2026\u2026\u2026\u2026\u2026.<\/p>\n\n\n\n<p class=\"wp-block-paragraph\">&nbsp;&nbsp;&nbsp;&nbsp;&nbsp;&nbsp;&nbsp;&nbsp;&nbsp;&nbsp;&nbsp; \u2026\u2026\u2026\u2026\u2026\u2026\u2026\u2026\u2026\u2026\u2026\u2026\u2026\u2026\u2026\u2026\u2026\u2026\u2026\u2026\u2026\u2026\u2026\u2026<\/p>\n\n\n\n<p class=\"wp-block-paragraph\">II &#8211; \u2026\u2026\u2026\u2026\u2026\u2026\u2026\u2026\u2026\u2026\u2026\u2026\u2026\u2026\u2026\u2026\u2026\u2026\u2026\u2026\u2026\u2026..<\/p>\n\n\n\n<p class=\"wp-block-paragraph\">&nbsp;&nbsp;&nbsp;&nbsp;&nbsp;&nbsp;&nbsp;&nbsp;&nbsp;&nbsp;&nbsp; \u2026\u2026\u2026\u2026\u2026\u2026\u2026\u2026\u2026\u2026\u2026\u2026\u2026\u2026\u2026\u2026\u2026\u2026\u2026\u2026\u2026\u2026\u2026\u2026<\/p>\n\n\n\n<p class=\"wp-block-paragraph\">e) quaisquer outros impostos, taxas, contribui\u00e7\u00f5es e despesas aduaneiras, assim entendidas as import\u00e2ncias necess\u00e1rias e compuls\u00f3rias cobradas ou debitadas ao adquirente pelas reparti\u00e7\u00f5es alfandeg\u00e1rias na atividade do controle e desembara\u00e7o da mercadoria; (NR)<\/p>\n\n\n\n<p class=\"wp-block-paragraph\">&#8230;&#8230;&#8230;&#8230;&#8230;&#8230;&#8230;&#8230;&#8230;&#8230;&#8230;&#8230;&#8230;&#8230;&#8230;&#8230;&#8230;&#8230;&#8230;&#8230;&#8230;&#8230;&#8230;&#8230;&#8230;&#8230;&#8230;&#8230;&#8230;&#8230;&#8230;&#8230;..&nbsp;&nbsp;&nbsp;&nbsp;&nbsp;&nbsp;&nbsp;&nbsp;&nbsp;&nbsp;&nbsp; &#8230;&#8230;&#8230;&#8230;&#8230;&#8230;&#8230;&#8230;&#8230;&#8230;&#8230;&#8230;&#8230;&#8230;&#8230;&#8230;&#8230;&#8230;&#8230;&#8230;&#8230;&#8230;&#8230;&#8230;&#8230;&#8230;&#8230;&#8230;&#8230;&#8230;&#8230;&#8230;..<\/p>\n\n\n\n<p class=\"wp-block-paragraph\">\u00a7 6\u00b0 Em substitui\u00e7\u00e3o ao disposto no inciso VII, <em>b<\/em>, deste artigo, a base de c\u00e1lculo em rela\u00e7\u00e3o \u00e0s opera\u00e7\u00f5es ou presta\u00e7\u00f5es subseq\u00fcentes poder\u00e1 ser o pre\u00e7o a consumidor final usualmente praticado no mercado considerado, relativamente ao servi\u00e7o, \u00e0 mercadoria ou sua similar, em condi\u00e7\u00f5es de livre concorr\u00eancia, adotando-se para sua apura\u00e7\u00e3o as regras previstas no \u00a7 4\u00b0.\u201d(AC)<\/p>\n\n\n\n<p class=\"wp-block-paragraph\">\u201cArt. 8\u00ba Integra a base de c\u00e1lculo do imposto, inclusive na hip\u00f3tese do inciso II do art. 6\u00ba:\u201d (NR)<\/p>\n\n\n\n<p class=\"wp-block-paragraph\">\u201cArt. 21. &#8230;&#8230;&#8230;&#8230;&#8230;&#8230;&#8230;&#8230;&#8230;&#8230;&#8230;&#8230;&#8230;&#8230;&#8230;&#8230;&#8230;&#8230;&#8230;&#8230;&#8230;&#8230;&#8230;&#8230;&#8230;&#8230;&#8230;<\/p>\n\n\n\n<p class=\"wp-block-paragraph\">&#8230;&#8230;&#8230;&#8230;&#8230;&#8230;&#8230;&#8230;&#8230;&#8230;&#8230;&#8230;&#8230;&#8230;&#8230;&#8230;&#8230;&#8230;&#8230;&#8230;&#8230;&#8230;&#8230;&#8230;&#8230;&#8230;&#8230;&#8230;&#8230;&#8230;&#8230;&#8230;&#8230;.<\/p>\n\n\n\n<p class=\"wp-block-paragraph\">I &#8211; \u2026\u2026\u2026\u2026\u2026\u2026\u2026\u2026\u2026\u2026\u2026\u2026\u2026\u2026\u2026\u2026\u2026\u2026\u2026\u2026\u2026\u2026\u2026<\/p>\n\n\n\n<p class=\"wp-block-paragraph\">&nbsp;&nbsp;&nbsp;&nbsp;&nbsp;&nbsp;&nbsp;&nbsp;&nbsp;&nbsp;&nbsp; \u2026\u2026\u2026\u2026\u2026\u2026\u2026\u2026\u2026\u2026\u2026\u2026\u2026\u2026\u2026\u2026\u2026\u2026\u2026\u2026\u2026\u2026\u2026\u2026<\/p>\n\n\n\n<p class=\"wp-block-paragraph\">e) aquele onde seja realizada a licita\u00e7\u00e3o, no caso de arremata\u00e7\u00e3o de mercadoria ou bem importados do exterior e apreendidos ou abandonados; (NR)<\/p>\n\n\n\n<p class=\"wp-block-paragraph\">III &#8211; &#8230;&#8230;&#8230;&#8230;&#8230;&#8230;&#8230;&#8230;&#8230;&#8230;&#8230;&#8230;&#8230;&#8230;&#8230;&#8230;&#8230;&#8230;&#8230;&#8230;&#8230;&#8230;&#8230;&#8230;&#8230;&#8230;&#8230;&#8230;&#8230;&#8230;..<\/p>\n\n\n\n<p class=\"wp-block-paragraph\">&nbsp;&nbsp;&nbsp;&nbsp;&nbsp;&nbsp;&nbsp;&#8230;&#8230;&#8230;&#8230;&#8230;&#8230;&#8230;&#8230;&#8230;&#8230;&#8230;&#8230;&#8230;&#8230;&#8230;&#8230;&#8230;&#8230;&#8230;&#8230;&#8230;&#8230;&#8230;&#8230;&#8230;&#8230;&#8230;&#8230;&#8230;&#8230;&#8230;&#8230;..<\/p>\n\n\n\n<p class=\"wp-block-paragraph\">d) o do estabelecimento ou domic\u00edlio do tomador do servi\u00e7o, quando prestado por meio de sat\u00e9lite. (AC).<\/p>\n\n\n\n<p class=\"wp-block-paragraph\">&nbsp;&nbsp;&nbsp;&#8230;&#8230;&#8230;&#8230;&#8230;&#8230;&#8230;&#8230;&#8230;&#8230;&#8230;&#8230;&#8230;&#8230;&#8230;&#8230;&#8230;&#8230;&#8230;&#8230;&#8230;&#8230;&#8230;&#8230;&#8230;&#8230;&#8230;&#8230;&#8230;&#8230;&#8230;&#8230;&#8230;<\/p>\n\n\n\n<p class=\"wp-block-paragraph\">\u00a7 4\u00b0 Na hip\u00f3tese do inciso III do caput deste artigo, tratando-se de servi\u00e7os n\u00e3o medidos, que envolvam localidades situadas no Estado do Acre e em outra unidade da Federa\u00e7\u00e3o e cujo pre\u00e7o seja cobrado por per\u00edodos definidos, o imposto devido ser\u00e1 recolhido em partes iguais no Estado do Acre e na unidade da Federa\u00e7\u00e3o onde estiver localizado o prestador e o tomador.\u201d (AC).<\/p>\n\n\n\n<p class=\"wp-block-paragraph\">\u201cArt. 22 &#8230;&#8230;&#8230;&#8230;&#8230;&#8230;&#8230;&#8230;&#8230;&#8230;&#8230;&#8230;&#8230;&#8230;&#8230;&#8230;&#8230;&#8230;&#8230;&#8230;&#8230;&#8230;&#8230;&#8230;&#8230;&#8230;<\/p>\n\n\n\n<p class=\"wp-block-paragraph\">\u00a7 1\u00ba \u00c9 tamb\u00e9m contribuinte a pessoa f\u00edsica ou jur\u00eddica que, mesmo sem habitualidade ou intuito comercial:<\/p>\n\n\n\n<p class=\"wp-block-paragraph\">I \u2013 importe mercadorias ou bens do exterior, qualquer que seja a sua finalidade;<\/p>\n\n\n\n<p class=\"wp-block-paragraph\">I &#8211; &nbsp;&#8230;&#8230;&#8230;&#8230;&#8230;&#8230;&#8230;&#8230;&#8230;&#8230;&#8230;&#8230;&#8230;&#8230;&#8230;&#8230;&#8230;&#8230;&#8230;&#8230;&#8230;&#8230;&#8230;&#8230;&#8230;&#8230;&#8230;&#8230;..<\/p>\n\n\n\n<p class=\"wp-block-paragraph\">III \u2013 adquira em licita\u00e7\u00e3o mercadorias ou bens apreendidos ou abandonados;<\/p>\n\n\n\n<p class=\"wp-block-paragraph\">\u201cIV &#8211;&nbsp; adquiram lubrificante e combust\u00edveis l\u00edquidos e gasosos derivados de petr\u00f3leo e energia el\u00e9trica oriundos de outro Estado, quando n\u00e3o destinados \u00e0 comercializa\u00e7\u00e3o ou \u00e0 industrializa\u00e7\u00e3o.\u201d (NR)&nbsp;&nbsp;&nbsp;&nbsp;&nbsp;&nbsp;&nbsp;&nbsp;&nbsp;<\/p>\n\n\n\n<p class=\"wp-block-paragraph\">\u201cArt. 24.\u2026\u2026\u2026\u2026\u2026\u2026\u2026\u2026\u2026\u2026\u2026\u2026\u2026\u2026\u2026\u2026\u2026\u2026\u2026.&nbsp;&nbsp; &nbsp;&nbsp;&nbsp;&nbsp;&nbsp;&nbsp;&nbsp;&nbsp;&nbsp;&nbsp;&nbsp; \u2026\u2026\u2026\u2026\u2026\u2026\u2026\u2026\u2026\u2026\u2026\u2026\u2026\u2026\u2026\u2026\u2026\u2026\u2026\u2026\u2026\u2026\u2026<\/p>\n\n\n\n<p class=\"wp-block-paragraph\">\u00a7 2\u00b0&nbsp; \u2026\u2026\u2026\u2026\u2026\u2026\u2026\u2026\u2026\u2026\u2026\u2026\u2026\u2026\u2026\u2026\u2026\u2026\u2026\u2026\u2026<\/p>\n\n\n\n<p class=\"wp-block-paragraph\">&nbsp;&nbsp;&nbsp;&nbsp;&nbsp;&nbsp;&nbsp;&nbsp;&nbsp;&nbsp;&nbsp; \u2026\u2026\u2026\u2026\u2026\u2026\u2026\u2026\u2026\u2026\u2026\u2026\u2026\u2026\u2026\u2026\u2026\u2026\u2026\u2026\u2026\u2026\u2026<\/p>\n\n\n\n<p class=\"wp-block-paragraph\">II \u2013 dar-se-\u00e1 em rela\u00e7\u00e3o a mercadorias, bens ou servi\u00e7os&nbsp; previstos em Regulamento.\u201d(NR)<\/p>\n\n\n\n<p class=\"wp-block-paragraph\">\u201cArt.32.&nbsp; \u2026\u2026\u2026\u2026\u2026\u2026\u2026\u2026\u2026\u2026\u2026\u2026\u2026\u2026\u2026\u2026\u2026\u2026\u2026\u2026\u2026&#8230;&#8230;&#8230;&#8230;&#8230;.<\/p>\n\n\n\n<p class=\"wp-block-paragraph\">Par\u00e1grafo \u00fanico. Relativamente aos cr\u00e9ditos decorrentes de entrada de mercadorias no estabelecimento destinadas ao ativo permanente, dever\u00e1 ser observado:<\/p>\n\n\n\n<p class=\"wp-block-paragraph\">&nbsp;I &#8211;&nbsp; a apropria\u00e7\u00e3o ser\u00e1 feita \u00e0 raz\u00e3o de um quarenta e oito avos por m\u00eas, devendo a primeira fra\u00e7\u00e3o ser apropriada no m\u00eas em que ocorrer a entrada no estabelecimento;<\/p>\n\n\n\n<p class=\"wp-block-paragraph\">II &#8211; em cada per\u00edodo de apura\u00e7\u00e3o do imposto, n\u00e3o ser\u00e1 admitido o creditamento de que trata o inciso I, em rela\u00e7\u00e3o \u00e0 propor\u00e7\u00e3o das opera\u00e7\u00f5es de sa\u00eddas ou presta\u00e7\u00f5es isentas ou n\u00e3o tributadas sobre o total das opera\u00e7\u00f5es de sa\u00eddas ou presta\u00e7\u00f5es efetuadas no mesmo per\u00edodo;<\/p>\n\n\n\n<p class=\"wp-block-paragraph\">&nbsp;III &#8211; para aplica\u00e7\u00e3o do disposto nos incisos I e II, o montante do cr\u00e9dito a ser apropriado ser\u00e1 o obtido multiplicando-se o valor total do respectivo cr\u00e9dito pelo fator igual a um quarenta e oito avos da rela\u00e7\u00e3o entre o valor das opera\u00e7\u00f5es de sa\u00eddas e presta\u00e7\u00f5es tributadas e o total das opera\u00e7\u00f5es de sa\u00eddas e presta\u00e7\u00f5es do per\u00edodo, equiparando-se \u00e0s tributadas, para fins deste inciso, as sa\u00eddas e as presta\u00e7\u00f5es com destino ao exterior;<\/p>\n\n\n\n<p class=\"wp-block-paragraph\">IV &#8211; o quociente de um quarenta e oito avos ser\u00e1 proporcionalmente aumentado ou diminu\u00eddo, <strong>pro rata die<\/strong>, caso o per\u00edodo de apura\u00e7\u00e3o seja superior ou inferior a um m\u00eas;<\/p>\n\n\n\n<p class=\"wp-block-paragraph\">V &#8211; na hip\u00f3tese de aliena\u00e7\u00e3o dos bens do ativo permanente, antes de decorrido o prazo de quatro anos contado da data de sua aquisi\u00e7\u00e3o, n\u00e3o ser\u00e1 admitido, a partir da data da aliena\u00e7\u00e3o, o creditamento de que trata este par\u00e1grafo em rela\u00e7\u00e3o \u00e0 fra\u00e7\u00e3o que corresponderia ao restante do quadri\u00eanio;<\/p>\n\n\n\n<p class=\"wp-block-paragraph\">VI &#8211; ser\u00e3o objeto de outro lan\u00e7amento, al\u00e9m do lan\u00e7amento em conjunto com os demais cr\u00e9ditos, para efeito da compensa\u00e7\u00e3o prevista neste artigo e no artigo 31, em livro pr\u00f3prio ou de outra forma que a legisla\u00e7\u00e3o determinar, para aplica\u00e7\u00e3o nos incisos I a V do disposto deste par\u00e1grafo; e<\/p>\n\n\n\n<p class=\"wp-block-paragraph\">\u201cVII &#8211; ao final do quadrag\u00e9simo oitavo m\u00eas contado da data da entrada do bem no estabelecimento, o saldo remanescente do cr\u00e9dito ser\u00e1 cancelado.\u201d (AC)<\/p>\n\n\n\n<p class=\"wp-block-paragraph\">\u201cArt. 38&#8230;&#8230;&#8230;&#8230;&#8230;&#8230;&#8230;&#8230;&#8230;&#8230;&#8230;&#8230;&#8230;&#8230;&#8230;&#8230;&#8230;&#8230;&#8230;&#8230;&#8230;&#8230;&#8230;&#8230;&#8230;&#8230;&#8230;&#8230;..<\/p>\n\n\n\n<p class=\"wp-block-paragraph\">Par\u00e1grafo \u00fanico. Para efeito de aplica\u00e7\u00e3o do disposto neste artigo, os d\u00e9bitos e cr\u00e9ditos devem ser apurados em cada estabelecimento, compensando-se os saldos credores e devedores entre os estabelecimentos do mesmo sujeito passivo localizados no Estado do Acre, na forma da legisla\u00e7\u00e3o.\u201d (NR)<\/p>\n\n\n\n<p class=\"wp-block-paragraph\">\u201cArt. 48&#8230;&#8230;&#8230;&#8230;&#8230;&#8230;&#8230;&#8230;&#8230;&#8230;&#8230;&#8230;&#8230;&#8230;&#8230;&#8230;&#8230;&#8230;&#8230;&#8230;&#8230;&#8230;&#8230;&#8230;&#8230;..<\/p>\n\n\n\n<p class=\"wp-block-paragraph\">&#8230;&#8230;&#8230;&#8230;&#8230;&#8230;&#8230;&#8230;&#8230;&#8230;&#8230;&#8230;&#8230;&#8230;&#8230;&#8230;&#8230;&#8230;&#8230;&#8230;&#8230;&#8230;&#8230;&#8230;&#8230;&#8230;&#8230;&#8230;.<\/p>\n\n\n\n<p class=\"wp-block-paragraph\">\u00a7 5\u00ba&nbsp; Observado o direito de defesa em processo contencioso, a Administra\u00e7\u00e3o poder\u00e1 recusar ou cancelar a inscri\u00e7\u00e3o de contribuinte, ou ainda exigir garantia pr\u00e9via do cumprimento de obriga\u00e7\u00f5es fiscais, conforme estabelecido em Regulamento, que:<\/p>\n\n\n\n<p class=\"wp-block-paragraph\">I &#8211;&nbsp; reincida na infra\u00e7\u00e3o descrita no art. 61, III, al\u00ednea \u201cl\u201d, por si ou pela pessoa dos s\u00f3cios ou acionistas controladores, ainda que integrando outra pessoa jur\u00eddica;<\/p>\n\n\n\n<p class=\"wp-block-paragraph\">II &#8211; apresente s\u00f3cios ou acionistas controladores que, por falta de capacidade econ\u00f4mica para o empreendimento, denote condi\u00e7\u00e3o de simples preposto do investidor de fato;<\/p>\n\n\n\n<p class=\"wp-block-paragraph\">III &#8211; preste, para fins de cadastramento, informa\u00e7\u00f5es inver\u00eddicas, inclusive quanto ao endere\u00e7o do estabelecimento, ou baseadas em documenta\u00e7\u00e3o inid\u00f4nea ou fraudada\u201d. (AC)<\/p>\n\n\n\n<p class=\"wp-block-paragraph\">\u201cArt. 61&#8230;&#8230;&#8230;&#8230;&#8230;&#8230;&#8230;&#8230;&#8230;&#8230;&#8230;&#8230;&#8230;&#8230;&#8230;&#8230;&#8230;&#8230;&#8230;&#8230;&#8230;&#8230;&#8230;&#8230;&#8230;&#8230;.<\/p>\n\n\n\n<p class=\"wp-block-paragraph\">&#8230;&#8230;&#8230;&#8230;&#8230;&#8230;&#8230;&#8230;&#8230;&#8230;&#8230;&#8230;&#8230;&#8230;&#8230;&#8230;&#8230;&#8230;&#8230;&#8230;&#8230;&#8230;&#8230;&#8230;&#8230;&#8230;&#8230;&#8230;&#8230;&#8230;&#8230;..<\/p>\n\n\n\n<p class=\"wp-block-paragraph\">\u201cIII &#8211; &#8230;&#8230;&#8230;&#8230;&#8230;&#8230;&#8230;&#8230;&#8230;&#8230;&#8230;&#8230;&#8230;&#8230;&#8230;&#8230;&#8230;&#8230;&#8230;&#8230;&#8230;&#8230;&#8230;&#8230;&#8230;&#8230;&#8230;&#8230;..<\/p>\n\n\n\n<p class=\"wp-block-paragraph\">&#8230;&#8230;&#8230;&#8230;&#8230;&#8230;&#8230;&#8230;&#8230;&#8230;&#8230;&#8230;&#8230;&#8230;&#8230;&#8230;&#8230;&#8230;&#8230;&#8230;&#8230;&#8230;&#8230;&#8230;&#8230;&#8230;&#8230;&#8230;&#8230;&#8230;&#8230;.<\/p>\n\n\n\n<p class=\"wp-block-paragraph\">r) pela emiss\u00e3o \u201cde documento fiscal com numera\u00e7\u00e3o ou seria\u00e7\u00e3o em duplicidade\u201d.&nbsp; (AC).<\/p>\n\n\n\n<p class=\"wp-block-paragraph\"><strong>\u201c<\/strong>IV<strong> &#8211; <\/strong>no valor de&nbsp; R$ 80,00 (Oitenta reais): (NR)<\/p>\n\n\n\n<p class=\"wp-block-paragraph\">a) imprimir, para si ou para terceiro, ou guardar documento fiscal falso ainda que n\u00e3o utilizado;<\/p>\n\n\n\n<p class=\"wp-block-paragraph\">b) emitir documento fiscal com omiss\u00f5es, incorre\u00e7\u00f5es, rasuras ou de forma ileg\u00edvel, quando n\u00e3o houver redu\u00e7\u00e3o do valor do imposto devido;<\/p>\n\n\n\n<p class=\"wp-block-paragraph\">c) deixar de escriturar, na forma estabelecida na Legisla\u00e7\u00e3o Tribut\u00e1ria, as opera\u00e7\u00f5es sem d\u00e9bito do imposto, por per\u00edodo de apura\u00e7\u00e3o n\u00e3o escriturado ou escriturado de forma irregular;<\/p>\n\n\n\n<p class=\"wp-block-paragraph\">d) falta de aplica\u00e7\u00e3o de Selo Fiscal de Autenticidade em documento fiscal pelo estabelecimento gr\u00e1fico respons\u00e1vel, conforme estabelecido na legisla\u00e7\u00e3o, por cada documento irregular;<\/p>\n\n\n\n<p class=\"wp-block-paragraph\">e) deixar o contribuinte de comunicar ao fisco, no prazo previsto na legisla\u00e7\u00e3o, irregularidades que deveriam ter sido constatadas na confer\u00eancia dos documentos fiscais, por ocasi\u00e3o do recebimento dos mesmos do estabelecimento gr\u00e1fico, por cada AIDF;<\/p>\n\n\n\n<p class=\"wp-block-paragraph\">f) extravio de Selo Fiscal de Autenticidade pelo estabelecimento gr\u00e1fico, sem preju\u00edzo da cassa\u00e7\u00e3o do credenciamento, por cada selo extraviado;<\/p>\n\n\n\n<p class=\"wp-block-paragraph\">g) deixar o estabelecimento gr\u00e1fico credenciado de devolver Selo Fiscal de Autenticidade n\u00e3o utilizado \u00e0 reparti\u00e7\u00e3o fiscal, no prazo previsto na legisla\u00e7\u00e3o, por cada Selo n\u00e3o utilizado e n\u00e3o devolvido;<\/p>\n\n\n\n<p class=\"wp-block-paragraph\">h)deixar de colocar em local vis\u00edvel ao p\u00fablico cartaz ou outro meio em que conste texto sobre a obrigatoriedade de emiss\u00e3o de documento fiscal pelo contribuinte, a cada constata\u00e7\u00e3o da infra\u00e7\u00e3o pelo fisco;<\/p>\n\n\n\n<p class=\"wp-block-paragraph\">i)deixar de apresentar dentro dos prazos estabelecidos na Legisla\u00e7\u00e3o Tribut\u00e1ria a Guia de Informa\u00e7\u00e3o e Apura\u00e7\u00e3o do Imposto ou outros documentos de informa\u00e7\u00e3o a que esteja obrigado, por cada guia ou documento;<\/p>\n\n\n\n<p class=\"wp-block-paragraph\">j) n\u00e3o apresentar ao \u00f3rg\u00e3o competente nos prazos estabelecidos na Legisla\u00e7\u00e3o Tribut\u00e1ria os demonstrativos e documentos fiscais nela previstos e \u00e0quele destinados, por demonstrativo n\u00e3o apresentado;<\/p>\n\n\n\n<p class=\"wp-block-paragraph\">k) n\u00e3o remeter ao destino fixado em regulamento as vias dos documentos fiscais exigidos, por documento n\u00e3o enviado;<\/p>\n\n\n\n<p class=\"wp-block-paragraph\">l) deixar de registrar ou de emitir o documento fiscal correspondente \u00e0 opera\u00e7\u00e3o de entrada de mercadorias, por opera\u00e7\u00e3o;<\/p>\n\n\n\n<p class=\"wp-block-paragraph\">m) iniciar atividade sem estar devidamente cadastrado;<\/p>\n\n\n\n<p class=\"wp-block-paragraph\">n)confeccionar ou imprimir, o estabelecimento gr\u00e1fico, documentos fiscais sem observ\u00e2ncia das exig\u00eancias legais, por encomenda;<\/p>\n\n\n\n<p class=\"wp-block-paragraph\">o) deixar de apresentar ou de armazenar arquivo magn\u00e9tico de registros fiscais referentes ao per\u00edodo de apura\u00e7\u00e3o do imposto, por per\u00edodo de apura\u00e7\u00e3o n\u00e3o apresentado ou n\u00e3o armazenado no prazo estabelecido;<\/p>\n\n\n\n<p class=\"wp-block-paragraph\">p) apresentar ao Fisco arquivo magn\u00e9tico com registros fiscais em condi\u00e7\u00f5es que impossibilitem a sua leitura ou tratamento ou, ainda, em padr\u00e3o ou forma que n\u00e3o atenda \u00e0s especifica\u00e7\u00f5es estabelecidas pela legisla\u00e7\u00e3o, por per\u00edodo de apura\u00e7\u00e3o em que n\u00e3o foi poss\u00edvel a leitura ou tratamento ou cujo padr\u00e3o ou forma n\u00e3o atenderem \u00e0s especifica\u00e7\u00f5es da legisla\u00e7\u00e3o;<\/p>\n\n\n\n<p class=\"wp-block-paragraph\">q) omitir informa\u00e7\u00e3o, inserir informa\u00e7\u00e3o incompleta e\/ou inserir informa\u00e7\u00e3o incorreta ou divergente em arquivo magn\u00e9tico de registros fiscais apresentado ao Fisco, por opera\u00e7\u00e3o ou presta\u00e7\u00e3o n\u00e3o informada ou informada incompleta ou incorretamente.<\/p>\n\n\n\n<p class=\"wp-block-paragraph\">V <strong>&#8211; <\/strong>no valor de R$ 400,00 (Quatrocentos reais): (NR)<\/p>\n\n\n\n<p class=\"wp-block-paragraph\">a) utilizar irregularmente livros fiscais ou utiliz\u00e1-los sem o visto da reparti\u00e7\u00e3o fiscal, quando exigido, por m\u00eas ou fra\u00e7\u00e3o;<\/p>\n\n\n\n<p class=\"wp-block-paragraph\">b) deixar de comunicar \u00e0 reparti\u00e7\u00e3o fazend\u00e1ria as altera\u00e7\u00f5es cadastrais, o rein\u00edcio ou paralisa\u00e7\u00e3o tempor\u00e1ria de suas atividades;&nbsp;&nbsp;<\/p>\n\n\n\n<p class=\"wp-block-paragraph\">c) deixar de efetuar a escritura\u00e7\u00e3o dos livros fiscais nos prazos previstos na Legisla\u00e7\u00e3o Tribut\u00e1ria, por livro e per\u00edodo n\u00e3o escriturado;<\/p>\n\n\n\n<p class=\"wp-block-paragraph\">d) deixar de requerer a sua exclus\u00e3o do cadastro&nbsp; de contribuintes do Estado, nos prazos fixados na Legisla\u00e7\u00e3o Tribut\u00e1ria, bem como deixar de entregar \u00e0 reparti\u00e7\u00e3o fazend\u00e1ria para inutiliza\u00e7\u00e3o, os talon\u00e1rios e documentos fiscais n\u00e3o utilizados, quando a empresa n\u00e3o apresentar d\u00e9bitos;&nbsp;<\/p>\n\n\n\n<p class=\"wp-block-paragraph\">e) deixar de apresentar \u00e0 reparti\u00e7\u00e3o fiscal, na forma da Legisla\u00e7\u00e3o Tribut\u00e1ria, o documento referente a cessa\u00e7\u00e3o do uso de m\u00e1quina registradora, terminal ponto de venda &#8211; PDV ou equipamento emissor de cupom fiscal &#8211; ECF, ou ainda deixar de fazer as anota\u00e7\u00f5es necess\u00e1rias em livro fiscal pr\u00f3prio, por documento n\u00e3o apresentado ou anota\u00e7\u00e3o n\u00e3o efetuada;<\/p>\n\n\n\n<p class=\"wp-block-paragraph\">f) deixar o transportador de fazer parada obrigat\u00f3ria, bem como apresentar espontaneamente documento fiscal, relativo \u00e0 mercadoria transportada, em Postos ou Barreiras Fiscais por onde transitar, sem preju\u00edzo da aplica\u00e7\u00e3o da penalidade por descumprimento de obriga\u00e7\u00e3o tribut\u00e1ria principal, por documento;&nbsp;&nbsp;<\/p>\n\n\n\n<p class=\"wp-block-paragraph\">g) extravio, pelo interventor credenciado, de lacre de seguran\u00e7a de Equipamento Emissor de Cupom Fiscal &#8211; ECF recebidos do fisco para lacra\u00e7\u00e3o daquele equipamento, por lacre extraviado;<\/p>\n\n\n\n<p class=\"wp-block-paragraph\">h) deixar de efetuar os registros exigidos na legisla\u00e7\u00e3o relativa ao sistema eletr\u00f4nico no Livro Registro de Utiliza\u00e7\u00e3o de Documentos Fiscais e Termos de Ocorr\u00eancias &#8211; RUDFTO, ou deixar de efetuar outras comunica\u00e7\u00f5es ao Fisco, relativas ao sistema, exigidas pela legisla\u00e7\u00e3o, por registro n\u00e3o efetuado ou comunica\u00e7\u00e3o n\u00e3o efetuada;<\/p>\n\n\n\n<p class=\"wp-block-paragraph\">i) deixar de fornecer, quando solicitado, documenta\u00e7\u00e3o minuciosa, completa e atualizada do sistema de processamento de dados, contendo descri\u00e7\u00e3o, gabarito de registro (<strong>layout<\/strong>) dos arquivos, listagem dos programas e as altera\u00e7\u00f5es ocorridas no per\u00edodo, e outros documentos relativos ao sistema, solicitados pelo Fisco, por documento n\u00e3o fornecido;&nbsp;<\/p>\n\n\n\n<p class=\"wp-block-paragraph\">j) extraviar livro ou documento fiscal cuja manuten\u00e7\u00e3o seja obrigat\u00f3ria, por livro ou documento fiscal.<\/p>\n\n\n\n<p class=\"wp-block-paragraph\">VI<strong> &#8211; <\/strong>no valor de R$ 800,00 (Oitocentos reais): (NR)<\/p>\n\n\n\n<p class=\"wp-block-paragraph\">a)dificultar, impedir ou retardar a a\u00e7\u00e3o fiscalizadora, por qualquer meio ou forma, inclusive pela recusa de apresenta\u00e7\u00e3o de livros e\/ou documentos fiscais, observado o disposto nos \u00a7\u00a7 6\u00ba e 7\u00ba deste artigo;<\/p>\n\n\n\n<p class=\"wp-block-paragraph\">b) emitir atestado de interven\u00e7\u00e3o em m\u00e1quina registradora, terminal ponto de venda &#8211; PDV ou equipamento emissor de cupom fiscal &#8211; ECF em desacordo com a Legisla\u00e7\u00e3o Tribut\u00e1ria aplic\u00e1vel ou nele consignar informa\u00e7\u00f5es inexatas, por documento emitido;<\/p>\n\n\n\n<p class=\"wp-block-paragraph\">c) deixar o impressor aut\u00f4nomo de encaminhar c\u00f3pia reprogr\u00e1fica do Pedido de Aquisi\u00e7\u00e3o de Formul\u00e1rio de Seguran\u00e7a \u2013 PAFS, ap\u00f3s o fornecimento dos formul\u00e1rios de seguran\u00e7a pelo fabricante;<\/p>\n\n\n\n<p class=\"wp-block-paragraph\">d) fornecer informa\u00e7\u00f5es inver\u00eddicas ao se inscrever como contribuinte ou ao requerer altera\u00e7\u00e3o cadastral, salvo erro material excus\u00e1vel.<\/p>\n\n\n\n<p class=\"wp-block-paragraph\">VII<strong> \u2013 <\/strong>no valor de R$ 1.600,00 (Mil e seiscentos reais): (AC)<\/p>\n\n\n\n<p class=\"wp-block-paragraph\">a) retirar do estabelecimento m\u00e1quina registradora, terminal ponto de venda &#8211; PDV ou equipamento emissor de cupom fiscal &#8211; ECF, sem a autoriza\u00e7\u00e3o da autoridade fiscal competente, por equipamento;<\/p>\n\n\n\n<p class=\"wp-block-paragraph\">b) deixar de comunicar ao fisco a comercializa\u00e7\u00e3o de m\u00e1quina registradora, terminal ponto de venda &#8211; PDV ou equipamento emissor de cupom fiscal &#8211; ECF ao usu\u00e1rio final estabelecido neste Estado, por equipamento;<\/p>\n\n\n\n<p class=\"wp-block-paragraph\">c) deixar de requerer a sua exclus\u00e3o do cadastro&nbsp; de contribuintes do Estado, nos prazos fixados na Legisla\u00e7\u00e3o Tribut\u00e1ria, bem como deixar de entregar \u00e0 reparti\u00e7\u00e3o fazend\u00e1ria para inutiliza\u00e7\u00e3o, os talon\u00e1rios e documentos fiscais n\u00e3o utilizados, para as empresas em d\u00e9bito, ou que sejam apurados, ap\u00f3s levantamento fiscal;&nbsp;<\/p>\n\n\n\n<p class=\"wp-block-paragraph\">d) utilizar m\u00e1quina registradora, terminal ponto de venda &#8211; PDV ou equipamento emissor de cupom fiscal &#8211; ECF em desacordo com a Legisla\u00e7\u00e3o Tribut\u00e1ria, sem preju\u00edzo do imposto e da multa eventualmente devidos sobre opera\u00e7\u00f5es ou presta\u00e7\u00f5es, por equipamento;&nbsp;&nbsp;<\/p>\n\n\n\n<p class=\"wp-block-paragraph\">e) utilizar, sem autoriza\u00e7\u00e3o, m\u00e1quina registradora, terminal ponto de venda &#8211; PDV ou equipamento emissor de cupom fiscal &#8211; ECF, que emitam nota fiscal ou documento que a substitua, bem como utiliz\u00e1-los em estabelecimentos diversos daquele para o qual tenham sido autorizados, por equipamento;&nbsp;&nbsp;<\/p>\n\n\n\n<p class=\"wp-block-paragraph\">f) &#8211; utilizar m\u00e1quina registradora, terminal ponto de venda &#8211; PDV, equipamento emissor de cupom fiscal &#8211; ECF ou qualquer outro equipamento de controle fiscal, com o lacre de seguran\u00e7a rompido ou retirado sem observ\u00e2ncia da Legisla\u00e7\u00e3o Tribut\u00e1ria, por equipamento;<\/p>\n\n\n\n<p class=\"wp-block-paragraph\">g) romper, violar, danificar ou deslocar lacre colocado pelo fisco, para controle do tr\u00e2nsito de mercadorias, de m\u00f3veis ou de documentos, bem como deixar de comparecer no local determinado para o deslacre;<\/p>\n\n\n\n<p class=\"wp-block-paragraph\">h) deixar de usar Emissor de Cupom Fiscal &#8211; ECF quando obrigado pela legisla\u00e7\u00e3o tribut\u00e1ria, por m\u00eas;<strong>&nbsp;<\/strong><\/p>\n\n\n\n<p class=\"wp-block-paragraph\">i) deixar de entregar os talon\u00e1rios de notas fiscais n\u00e3o utilizadas, quando da paralisa\u00e7\u00e3o de suas atividades;&nbsp;&nbsp;<\/p>\n\n\n\n<p class=\"wp-block-paragraph\">&nbsp;j) utilizar, sem autoriza\u00e7\u00e3o do Fisco, sistema eletr\u00f4nico de processamento de dados para emiss\u00e3o de documento fiscal e\/ou escritura\u00e7\u00e3o de livro fiscal, por per\u00edodo de apura\u00e7\u00e3o em que o sistema foi utilizado sem autoriza\u00e7\u00e3o do Fisco Estadual;<\/p>\n\n\n\n<p class=\"wp-block-paragraph\">k) deixar de comunicar ao Fisco altera\u00e7\u00e3o ou desist\u00eancia de uso do sistema eletr\u00f4nico de processamento de dados, por comunica\u00e7\u00e3o n\u00e3o efetuada;<\/p>\n\n\n\n<p class=\"wp-block-paragraph\">VIII<strong> &#8211; <\/strong>no valor de R$ 4.000,00 (Quatro mil reais): (AC)<\/p>\n\n\n\n<p class=\"wp-block-paragraph\">a) praticar interven\u00e7\u00e3o em m\u00e1quina registradora, terminal ponto de venda &#8211; PDV ou equipamento emissor de cupom fiscal &#8211; ECF, sem o acompanhamento do Fisco, por equipamento, sem preju\u00edzo da cassa\u00e7\u00e3o do credenciamento;<\/p>\n\n\n\n<p class=\"wp-block-paragraph\">b) utilizar ou falsificar carimbo, impressos e equipa\u00admentos de uso exclusivo das reparti\u00e7\u00f5es fazend\u00e1rias, sem preju\u00edzo de a\u00e7\u00e3o penal competente;&nbsp;<\/p>\n\n\n\n<p class=\"wp-block-paragraph\">c) fornecer formul\u00e1rios de seguran\u00e7a a contribuinte sem autoriza\u00e7\u00e3o da reparti\u00e7\u00e3o fiscal ou em papel que n\u00e3o preencha os requisitos de seguran\u00e7a;&nbsp;<\/p>\n\n\n\n<p class=\"wp-block-paragraph\">d) adulterar o Pedido de Aquisi\u00e7\u00e3o de Formul\u00e1rio de Seguran\u00e7a \u2013 PAFS, por ocorr\u00eancia;&nbsp;<\/p>\n\n\n\n<p class=\"wp-block-paragraph\">e) praticar interven\u00e7\u00e3o em m\u00e1quina registradora, terminal ponto de venda ou equipamento emissor de cupom fiscal &#8211; ECF, sem possuir atestado de capacita\u00e7\u00e3o t\u00e9cnica fornecido pelo fabricante, espec\u00edfico para o equipamento, ou n\u00e3o estar devidamente credenciado na forma prevista na legisla\u00e7\u00e3o tribut\u00e1ria.\u201d<\/p>\n\n\n\n<p class=\"wp-block-paragraph\">\u00a7 1\u00ba&#8230;&#8230;&#8230;&#8230;&#8230;&#8230;&#8230;&#8230;&#8230;&#8230;&#8230;&#8230;&#8230;&#8230;&#8230;&#8230;&#8230;&#8230;&#8230;&#8230;&#8230;&#8230;&#8230;&#8230;&#8230;&#8230;&#8230;&#8230;&#8230;&#8230;&#8230;<\/p>\n\n\n\n<p class=\"wp-block-paragraph\">&#8230;&#8230;&#8230;&#8230;&#8230;&#8230;&#8230;&#8230;&#8230;&#8230;&#8230;&#8230;&#8230;&#8230;&#8230;&#8230;&#8230;&#8230;&#8230;&#8230;&#8230;&#8230;&#8230;&#8230;&#8230;&#8230;&#8230;&#8230;&#8230;&#8230;&#8230;&#8230;&#8230;.<strong><\/strong><\/p>\n\n\n\n<p class=\"wp-block-paragraph\">\u201c\u00a7 3\u00baA aplica\u00e7\u00e3o de uma penalidade excluir\u00e1 as demais da mesma esp\u00e9cie em rela\u00e7\u00e3o ao mesmo il\u00edcito fiscal, aplicando-se sempre a maior delas, quando mais de uma infra\u00e7\u00e3o dele decorrer, observando o par\u00e1grafo seguinte.\u201d (NR)<\/p>\n\n\n\n<p class=\"wp-block-paragraph\">\u201c\u00a74\u00baA exig\u00eancia do imposto com a multa correspondente n\u00e3o exclui a aplica\u00e7\u00e3o da multa prevista para irregularidades formais relativamente ao mesmo il\u00edcito fiscal.\u201d (NR)<\/p>\n\n\n\n<p class=\"wp-block-paragraph\">\u201c\u00a75\u00baO disposto na al\u00ednea \u201co\u201d do inciso III n\u00e3o se aplica quando a falta nele referida for constatada atrav\u00e9s do Livro de Registro de Sa\u00edda das respectivas mercadorias, hip\u00f3tese em que a multa aplic\u00e1vel ser\u00e1 a prevista no inciso VI deste artigo.\u201d (NR)<\/p>\n\n\n\n<p class=\"wp-block-paragraph\">\u201c\u00a76\u00ba Caracteriza a recusa de que trata o inciso VI, al\u00ednea \u201ca\u201d deste artigo, o n\u00e3o atendimento por parte do contribuinte ou de qualquer pessoa sujeita \u00e0 fiscaliza\u00e7\u00e3o, a notifica\u00e7\u00e3o expedida pelo agente do Fisco, na qual assinar\u00e1 prazo n\u00e3o inferior a 48 (quarenta e oito horas, para o cumprimento da exig\u00eancia de apresenta\u00e7\u00e3o de livros e\/ou documentos\u201d. (NR)<\/p>\n\n\n\n<p class=\"wp-block-paragraph\">\u201c\u00a77\u00baA notifica\u00e7\u00e3o referida no \u00a7 6\u00ba ser\u00e1 repetida tantas vezes quantas forem necess\u00e1rias, no caso de documento, sujeitando-se o infrator, para cada uma delas, a nova exig\u00eancia de multa\u201d.(NR)<\/p>\n\n\n\n<p class=\"wp-block-paragraph\">\u201c\u00a78\u00baN\u00e3o havendo outra import\u00e2ncia expressamente determinada, as infra\u00e7\u00f5es \u00e0 legisla\u00e7\u00e3o do Imposto sobre Opera\u00e7\u00f5es Relativas \u00e0 Circula\u00e7\u00e3o de Mercadorias e sobre Presta\u00e7\u00e3o de Servi\u00e7os de Transporte Interestadual e Intermunicipal e de Comunica\u00e7\u00e3o devem ser punidas com a multa prevista no inciso V deste artigo.\u201d (NR)<\/p>\n\n\n\n<p class=\"wp-block-paragraph\">\u201c\u00a7 9\u00ba&nbsp; Na ocorr\u00eancia de infra\u00e7\u00e3o continuada ao mesmo dispositivo que trate de obriga\u00e7\u00e3o acess\u00f3ria, o valor m\u00e1ximo da penalidade n\u00e3o poder\u00e1 ultrapassar de cinco vezes o valor cominado nesta lei.\u201d (AC)<\/p>\n\n\n\n<p class=\"wp-block-paragraph\">\u201c\u00a7 10&nbsp; As multas de que trata este artigo ser\u00e1 aplicada com agravante de 50% (cinq\u00fcenta por cento) na reincid\u00eancia, assim considerada a pr\u00e1tica da mesma infra\u00e7\u00e3o dentro do per\u00edodo de cinco anos a contar dos tr\u00e2nsitos em julgado do processo administrativo no qual o contribuinte tenha sido penalizado, excetuados os casos de den\u00fancia espont\u00e2nea.\u201d (AC)<\/p>\n\n\n\n<p class=\"wp-block-paragraph\">\u201cArt. 62.&nbsp; Os valores da multas de que trata o art. 61 ser\u00e3o reduzidas, se o valor do d\u00e9bito for pago nos prazos indicados: (NR)<\/p>\n\n\n\n<p class=\"wp-block-paragraph\">I &#8211; de uma s\u00f3 vez:<\/p>\n\n\n\n<p class=\"wp-block-paragraph\">a) de 50% (cinq\u00fcenta por cento) no prazo de 30 (trinta dias) da notifica\u00e7\u00e3o,&nbsp; com ren\u00fancia t\u00e1cita ou expressa \u00e0 apresenta\u00e7\u00e3o de defesa;<\/p>\n\n\n\n<p class=\"wp-block-paragraph\">b) de 30% (trinta por cento) no prazo de 60 (sessenta dias) da notifica\u00e7\u00e3o;<\/p>\n\n\n\n<p class=\"wp-block-paragraph\">c) de 10% (dez por cento) antes de sua inscri\u00e7\u00e3o em D\u00edvida Ativa.<\/p>\n\n\n\n<p class=\"wp-block-paragraph\">&nbsp;II &#8211; parceladamente, nos termos da lei, desde que o parcelamento seja requerido e o d\u00e9bito reconhecido pelo sujeito passivo em at\u00e9 30 (trinta) dias da notifica\u00e7\u00e3o:<\/p>\n\n\n\n<p class=\"wp-block-paragraph\">a) de 30% (trinta por cento), se pago em at\u00e9 4(quatro) parcelas;<\/p>\n\n\n\n<p class=\"wp-block-paragraph\">b) de 20% (vinte por cento), se pago em at\u00e9 8 (oito) parcelas;<\/p>\n\n\n\n<p class=\"wp-block-paragraph\">c) de 10% (dez por cento), se pago em at\u00e9 12 (doze) parcelas\u201d (NR).<\/p>\n\n\n\n<p class=\"wp-block-paragraph\">\u201cArt. 62-A&nbsp; Os d\u00e9bitos decorrentes do imposto de que trata esta Lei, cujos fatos geradores ocorrerem a partir de 1\u00ba de janeiro de 2003, n\u00e3o pagos nos prazos previstos, ser\u00e3o acrescidos de multa de mora, calculada \u00e0 taxa de 0,11% (onze d\u00e9cimos por cento) por dia de atraso.<\/p>\n\n\n\n<p class=\"wp-block-paragraph\">&nbsp;\u00a7 1\u00ba A multa de que trata este artigo ser\u00e1 calculado a partir do 1\u00ba (primeiro) dia subseq\u00fcente ao do vencimento do prazo previsto para o pagamento do d\u00e9bito at\u00e9 o dia em que ocorrer o seu pagamento efetivo.<\/p>\n\n\n\n<p class=\"wp-block-paragraph\">\u00a7 2\u00ba &nbsp;O percentual de multa a ser aplicado fica limitado a 10% (dez por cento).<\/p>\n\n\n\n<p class=\"wp-block-paragraph\">\u00a7 3\u00ba &nbsp;Sobre os d\u00e9bitos a que se refere este artigo incidir\u00e3o ainda juros&nbsp; equivalentes \u00e0 taxa referencial do Sistema Especial de Liquida\u00e7\u00e3o e Cust\u00f3dia \u2013 SELIC, para t\u00edtulos federais, acumulada mensalmente, calculados a partir do 1\u00ba dia do m\u00eas subseq\u00fcente ao do vencimento da obriga\u00e7\u00e3o at\u00e9 o \u00faltimo dia do m\u00eas anterior ao do pagamento e de 1% (um por cento) no m\u00eas do pagamento.<\/p>\n\n\n\n<p class=\"wp-block-paragraph\">\u00a7 4\u00ba&nbsp; Caso o \u00edndice de que trata o \u00a7 3\u00ba deixe de ser utilizado, poder\u00e1 o Estado do Acre substitu\u00ed-lo, adotando os mesmos \u00edndices oficiais usados pela Uni\u00e3o para atualiza\u00e7\u00e3o dos d\u00e9bitos de natureza tribut\u00e1ria.\u201d (AC)<\/p>\n\n\n\n<p class=\"wp-block-paragraph\">\u201cArt. 63-A&nbsp; Os saldos credores acumulados at\u00e9 31 de dezembro de 1999 pelos estabelecimentos que realizam opera\u00e7\u00f5es destinadas ao exterior, de que trata o inciso I do art. 3\u00ba e seu \u00a7 1\u00ba, poder\u00e3o ser transferidos a outros contribuintes do Estado do Acre, mediante requerimento \u00e0 Administra\u00e7\u00e3o Tribut\u00e1ria que, reconhecendo a exist\u00eancia do cr\u00e9dito, determinar\u00e1 a quantidade de parcelas para compensa\u00e7\u00e3o.\u201d (AC)<\/p>\n\n\n\n<p class=\"wp-block-paragraph\">&nbsp;\u201cArt. 64-A &nbsp;&nbsp;A partir de 1\u00b0 de janeiro de 2003, na aplica\u00e7\u00e3o do disposto no art. 32 observar-se-\u00e1 o seguinte:<\/p>\n\n\n\n<p class=\"wp-block-paragraph\">I \u2013 somente dar\u00e3o direito de cr\u00e9dito as mercadorias destinadas ao uso e consumo do estabelecimento, nele entradas a partir de 1\u00b0 de janeiro de 2007;<\/p>\n\n\n\n<p class=\"wp-block-paragraph\">II \u2013 somente dar\u00e1 direito a cr\u00e9dito a entrada de energia el\u00e9trica no estabelecimento:<\/p>\n\n\n\n<ol class=\"wp-block-list\" type=\"a\">\n<li>quando for objeto de opera\u00e7\u00e3o de sa\u00edda de energia el\u00e9trica;<\/li>\n\n\n\n<li>quando consumida no processo de industrializa\u00e7\u00e3o;<\/li>\n\n\n\n<li>quando seu consumo resultar em opera\u00e7\u00e3o de sa\u00edda ou presta\u00e7\u00e3o para o exterior, na propor\u00e7\u00e3o destas sobre as sa\u00eddas ou presta\u00e7\u00f5es totais; e<\/li>\n\n\n\n<li>a partir de 1\u00b0 de janeiro de 2007, nas demais hip\u00f3teses;<\/li>\n<\/ol>\n\n\n\n<p class=\"wp-block-paragraph\">III \u2013 somente dar\u00e1 direito a cr\u00e9dito o recebimento de servi\u00e7os de comunica\u00e7\u00e3o utilizados pelo estabelecimento:<\/p>\n\n\n\n<p class=\"wp-block-paragraph\">a) ao qual tenham sido prestados na execu\u00e7\u00e3o de servi\u00e7os da mesma natureza;<\/p>\n\n\n\n<p class=\"wp-block-paragraph\">b) quando sua utiliza\u00e7\u00e3o resultar em opera\u00e7\u00e3o de sa\u00edda ou presta\u00e7\u00e3o para o exterior, na propor\u00e7\u00e3o desta sobre as sa\u00eddas ou presta\u00e7\u00f5es totais; e<\/p>\n\n\n\n<p class=\"wp-block-paragraph\">c) a partir de 1\u00b0 de janeiro de 2007, nas demais hip\u00f3teses\u201d. (AC)<\/p>\n<\/blockquote>\n\n\n\n<p class=\"wp-block-paragraph\">&nbsp;&nbsp;&nbsp;&nbsp;&nbsp;&nbsp;&nbsp;&nbsp;&nbsp;&nbsp;&nbsp; Art. 2\u00ba Ficam revogados o \u00a7 4\u00ba do art. 34,&nbsp; o inciso I do \u00a7 1\u00b0 e os par\u00e1grafos 4\u00b0 a 9\u00b0 do art. 35, da Lei Complementar n.\u00ba 055, de 9 de julho de 1997.<\/p>\n\n\n\n<p class=\"wp-block-paragraph\">Art. 3\u00ba Esta Lei Complementar entra em vigor na data de sua publica\u00e7\u00e3o.<\/p>\n\n\n\n<p class=\"wp-block-paragraph\">Rio Branco, 30 de dezembro de 2002, 114\u00ba da Rep\u00fablica, 100\u00ba do Tratado de Petr\u00f3polis e 41\u00ba do Acre.<\/p>\n","protected":false},"excerpt":{"rendered":"<p>Altera e acrescenta dispositivos \u00e0 Lei Complementar n.\u00ba 55, de 9 de julho de 1997, que disp\u00f5e quanto ao Imposto Sobre Opera\u00e7\u00f5es Relativas \u00e0 Circula\u00e7\u00e3o de Mercadorias e Sobre Presta\u00e7\u00e3o de Servi\u00e7os de Transporte Interestadual e Intermunicipal e de Comunica\u00e7\u00e3o \u2013 ICMS.<\/p>\n","protected":false},"author":5,"featured_media":0,"comment_status":"closed","ping_status":"closed","sticky":false,"template":"","format":"standard","meta":{"_acf_changed":false,"footnotes":""},"categories":[3,30],"tags":[35],"class_list":["post-12252","post","type-post","status-publish","format-standard","hentry","category-legislacao","category-leis-complementares","tag-icms"],"acf":[],"_links":{"self":[{"href":"https:\/\/sefaz.ac.gov.br\/2021\/index.php?rest_route=\/wp\/v2\/posts\/12252","targetHints":{"allow":["GET"]}}],"collection":[{"href":"https:\/\/sefaz.ac.gov.br\/2021\/index.php?rest_route=\/wp\/v2\/posts"}],"about":[{"href":"https:\/\/sefaz.ac.gov.br\/2021\/index.php?rest_route=\/wp\/v2\/types\/post"}],"author":[{"embeddable":true,"href":"https:\/\/sefaz.ac.gov.br\/2021\/index.php?rest_route=\/wp\/v2\/users\/5"}],"replies":[{"embeddable":true,"href":"https:\/\/sefaz.ac.gov.br\/2021\/index.php?rest_route=%2Fwp%2Fv2%2Fcomments&post=12252"}],"version-history":[{"count":0,"href":"https:\/\/sefaz.ac.gov.br\/2021\/index.php?rest_route=\/wp\/v2\/posts\/12252\/revisions"}],"wp:attachment":[{"href":"https:\/\/sefaz.ac.gov.br\/2021\/index.php?rest_route=%2Fwp%2Fv2%2Fmedia&parent=12252"}],"wp:term":[{"taxonomy":"category","embeddable":true,"href":"https:\/\/sefaz.ac.gov.br\/2021\/index.php?rest_route=%2Fwp%2Fv2%2Fcategories&post=12252"},{"taxonomy":"post_tag","embeddable":true,"href":"https:\/\/sefaz.ac.gov.br\/2021\/index.php?rest_route=%2Fwp%2Fv2%2Ftags&post=12252"}],"curies":[{"name":"wp","href":"https:\/\/api.w.org\/{rel}","templated":true}]}}