{"id":11762,"date":"2004-01-22T09:42:59","date_gmt":"2004-01-22T11:42:59","guid":{"rendered":"http:\/\/sefaz.acre.gov.br:80\/2021\/?p=11762"},"modified":"2023-05-23T08:58:29","modified_gmt":"2023-05-23T11:58:29","slug":"lei-no-1-530-de-22-de-janeiro-de-2004","status":"publish","type":"post","link":"https:\/\/sefaz.ac.gov.br\/2021\/?p=11762","title":{"rendered":"LEI N\u00ba 1.530, DE 22 DE JANEIRO DE 2004"},"content":{"rendered":"\n<p class=\"wp-block-paragraph\"><strong>O GOVERNADOR DO ESTADO ACRE<\/strong><\/p>\n\n\n\n<p class=\"wp-block-paragraph\"><strong>FA\u00c7O SABER<\/strong> que a Assembl\u00e9ia Legislativa do Estado do Acre decreta e eu sanciono a seguinte Lei:<\/p>\n\n\n\n<p class=\"wp-block-paragraph\"><strong>Art. 1\u00b0 &nbsp;<\/strong>Por interm\u00e9dio da presente lei, ser\u00e3o contemplados com o instituto tribut\u00e1rio denominado <em>ICMS Verde <\/em>os munic\u00edpios que abriguem em seu territ\u00f3rio unidades de conserva\u00e7\u00e3o ambiental ou que sejam diretamente influenciados por elas.<\/p>\n\n\n\n<p class=\"wp-block-paragraph\"><strong>Art. 2\u00ba <\/strong>A al\u00edquota relativa ao <em>ICMS Verde <\/em>ser\u00e1 equivalente a cinco por cento da arrecada\u00e7\u00e3o&nbsp; total do Imposto sobre Circula\u00e7\u00e3o de Mercadorias e Servi\u00e7os\u2013ICMS&nbsp; no&nbsp; Estado&nbsp; do&nbsp; Acre.<\/p>\n\n\n\n<p class=\"wp-block-paragraph\"><strong>Art. 3\u00ba <\/strong>As unidades de conserva\u00e7\u00e3o ambiental a que alude o art. 1\u00ba desta lei s\u00e3o as \u00e1reas de preserva\u00e7\u00e3o ambiental, as comunidades ind\u00edgenas, esta\u00e7\u00f5es ecol\u00f3gicas, parques, reservas florestais, florestas, hortos florestais, \u00e1reas de relevante interesse de leis ou decretos federais, estaduais ou municipais, de propriedade&nbsp; p\u00fablica ou privada.<\/p>\n\n\n\n<p class=\"wp-block-paragraph\"><strong>Par\u00e1grafo \u00fanico. <\/strong>As prefeituras dever\u00e3o cadastrar as unidades municipais de conserva\u00e7\u00e3o ambiental junto \u00e0 autoridade estadual respons\u00e1vel pelo gerenciamento dos recursos ambientais.<\/p>\n\n\n\n<p class=\"wp-block-paragraph\"><strong>Art. 4\u00ba <\/strong>A reparti\u00e7\u00e3o de cinco por cento do Imposto sobre Circula\u00e7\u00e3o de Mercadorias e Servi\u00e7os\u2013ICMS ser\u00e1 feita de forma linearmente eq\u00fcitativa, observando os tamanhos e o&nbsp; n\u00famero das \u00e1reas de preserva\u00e7\u00e3o ambiental circunscritas na \u00e1rea geogr\u00e1fica de cada munic\u00edpio.<\/p>\n\n\n\n<p class=\"wp-block-paragraph\"><strong>Art. 5\u00ba <\/strong>Os fins a que se destinam os recursos visam a sua aplica\u00e7\u00e3o em projetos de desenvolvimento sustent\u00e1vel, segundo diretrizes estabelecidas na regulamenta\u00e7\u00e3o desta lei.<\/p>\n\n\n\n<p class=\"wp-block-paragraph\"><strong>Art. 6\u00ba <\/strong>Os crit\u00e9rios t\u00e9cnicos de aloca\u00e7\u00e3o dos recursos oriundos do <em>ICMS Verde <\/em>ser\u00e3o definidos pela entidade estadual respons\u00e1vel pelo gerenciamento dos recursos ambientais, atrav\u00e9s de Decreto do Poder Executivo, em at\u00e9 sessenta dias, a contar da data da vig\u00eancia da presente lei.<\/p>\n\n\n\n<p class=\"wp-block-paragraph\"><strong>Art. 7\u00ba <\/strong>Os percentuais relativos a cada munic\u00edpio ser\u00e3o anualmente calculados pela entidade estadual respons\u00e1vel pelo gerenciamento dos recursos ambientais, divulgados atrav\u00e9s de portaria publicada no Di\u00e1rio Oficial e informados \u00e0 Secretaria de Estado de Finan\u00e7as e Gest\u00e3o&nbsp; P\u00fablica, para implanta\u00e7\u00e3o e ordenamento de repasses.<\/p>\n\n\n\n<p class=\"wp-block-paragraph\"><strong>Art. 8\u00ba<\/strong> Esta Lei entra em vigor sessenta dias ap\u00f3s sua publica\u00e7\u00e3o. Rio Branco, 22 de janeiro&nbsp; de 2004, 116\u00ba da Rep\u00fablica, 102\u00ba do Tratado de Petr\u00f3polis e 43\u00ba do&nbsp; Estado do Acre.<\/p>\n","protected":false},"excerpt":{"rendered":"<p>Institui o ICMS Verde, destinando cinco por cento da arrecada\u00e7\u00e3o deste tributo para os munic\u00edpios com unidades de conserva\u00e7\u00e3o ambiental.<\/p>\n","protected":false},"author":5,"featured_media":0,"comment_status":"closed","ping_status":"closed","sticky":false,"template":"","format":"standard","meta":{"_acf_changed":false,"footnotes":""},"categories":[3,31],"tags":[35,96],"class_list":["post-11762","post","type-post","status-publish","format-standard","hentry","category-legislacao","category-leis-ordinarias","tag-icms","tag-principais"],"acf":[],"_links":{"self":[{"href":"https:\/\/sefaz.ac.gov.br\/2021\/index.php?rest_route=\/wp\/v2\/posts\/11762","targetHints":{"allow":["GET"]}}],"collection":[{"href":"https:\/\/sefaz.ac.gov.br\/2021\/index.php?rest_route=\/wp\/v2\/posts"}],"about":[{"href":"https:\/\/sefaz.ac.gov.br\/2021\/index.php?rest_route=\/wp\/v2\/types\/post"}],"author":[{"embeddable":true,"href":"https:\/\/sefaz.ac.gov.br\/2021\/index.php?rest_route=\/wp\/v2\/users\/5"}],"replies":[{"embeddable":true,"href":"https:\/\/sefaz.ac.gov.br\/2021\/index.php?rest_route=%2Fwp%2Fv2%2Fcomments&post=11762"}],"version-history":[{"count":0,"href":"https:\/\/sefaz.ac.gov.br\/2021\/index.php?rest_route=\/wp\/v2\/posts\/11762\/revisions"}],"wp:attachment":[{"href":"https:\/\/sefaz.ac.gov.br\/2021\/index.php?rest_route=%2Fwp%2Fv2%2Fmedia&parent=11762"}],"wp:term":[{"taxonomy":"category","embeddable":true,"href":"https:\/\/sefaz.ac.gov.br\/2021\/index.php?rest_route=%2Fwp%2Fv2%2Fcategories&post=11762"},{"taxonomy":"post_tag","embeddable":true,"href":"https:\/\/sefaz.ac.gov.br\/2021\/index.php?rest_route=%2Fwp%2Fv2%2Ftags&post=11762"}],"curies":[{"name":"wp","href":"https:\/\/api.w.org\/{rel}","templated":true}]}}